{"id":264884,"date":"2022-06-17T09:30:22","date_gmt":"2022-06-17T07:30:22","guid":{"rendered":"https:\/\/zjarr.tv\/?p=264884"},"modified":"2022-06-17T09:30:22","modified_gmt":"2022-06-17T07:30:22","slug":"gjata-harten-e-re-gjyqesore-nuk-e-ka-bere-klgj-por-ministria-e-drejtesise-me-urdher-te-rames","status":"publish","type":"post","link":"https:\/\/zjarr.tv\/sq\/gjata-harten-e-re-gjyqesore-nuk-e-ka-bere-klgj-por-ministria-e-drejtesise-me-urdher-te-rames\/","title":{"rendered":"Gjata: Hart\u00ebn e re Gjyq\u00ebsore nuk e ka b\u00ebr\u00eb KLGJ, por Ministria e Drejt\u00ebsis\u00eb me urdh\u00ebr t\u00eb Ram\u00ebs"},"content":{"rendered":"<p>N\u00eb emisionin \u201cDrejt\u201d nga Luan Rama n\u00eb RTV Ora, juristi \u00c7lirim Gjata u shpreh se hart\u00ebn e re nuk e ka b\u00ebr\u00eb KLGJ, por Ministria e Drejt\u00ebsis\u00eb me urdh\u00ebr t\u00eb Ram\u00ebs.<\/p>\n<p>Ai tha se \u00e7\u00ebshtjet q\u00eb ishin parashikuar n\u00eb 25 maj kur u luajt ndeshja e Konferenc\u00eb Lig\u00eb jan\u00eb shtyr\u00eb p\u00ebr n\u00eb dhjetor.<\/p>\n<p>Gjata: Hart\u00ebn e re nuk e ka b\u00ebr\u00eb KLGJ, por Ministria e Drejt\u00ebsis\u00eb me urdh\u00ebr t\u00eb Ram\u00ebs. Kryetarja e KLGJ, Llagami nuk e di si \u00ebsht\u00eb situata. Jemi n\u00eb kuadrin e fjal\u00ebve t\u00eb bukura si efikasitet dhe cil\u00ebsi.<\/p>\n","protected":false},"excerpt":{"rendered":"<p>N\u00eb emisionin \u201cDrejt\u201d nga Luan Rama n\u00eb RTV Ora, juristi \u00c7lirim Gjata u shpreh se hart\u00ebn e re nuk e ka b\u00ebr\u00eb KLGJ, por Ministria e Drejt\u00ebsis\u00eb me urdh\u00ebr t\u00eb Ram\u00ebs. Ai tha se \u00e7\u00ebshtjet q\u00eb ishin parashikuar n\u00eb 25 maj kur u luajt ndeshja e Konferenc\u00eb Lig\u00eb jan\u00eb shtyr\u00eb p\u00ebr n\u00eb dhjetor. Gjata: Hart\u00ebn [&hellip;]<\/p>\n","protected":false},"author":2031,"featured_media":146051,"comment_status":"closed","ping_status":"closed","sticky":false,"template":"","format":"standard","meta":{"footnotes":""},"categories":[241,231,235],"tags":[],"class_list":{"0":"post-264884","1":"post","2":"type-post","3":"status-publish","4":"format-standard","5":"has-post-thumbnail","7":"category-aktualitet","8":"category-lajme","9":"category-vendi"},"_links":{"self":[{"href":"https:\/\/zjarr.tv\/sq\/wp-json\/wp\/v2\/posts\/264884","targetHints":{"allow":["GET"]}}],"collection":[{"href":"https:\/\/zjarr.tv\/sq\/wp-json\/wp\/v2\/posts"}],"about":[{"href":"https:\/\/zjarr.tv\/sq\/wp-json\/wp\/v2\/types\/post"}],"author":[{"embeddable":true,"href":"https:\/\/zjarr.tv\/sq\/wp-json\/wp\/v2\/users\/2031"}],"replies":[{"embeddable":true,"href":"https:\/\/zjarr.tv\/sq\/wp-json\/wp\/v2\/comments?post=264884"}],"version-history":[{"count":0,"href":"https:\/\/zjarr.tv\/sq\/wp-json\/wp\/v2\/posts\/264884\/revisions"}],"wp:featuredmedia":[{"embeddable":true,"href":"https:\/\/zjarr.tv\/sq\/wp-json\/wp\/v2\/media\/146051"}],"wp:attachment":[{"href":"https:\/\/zjarr.tv\/sq\/wp-json\/wp\/v2\/media?parent=264884"}],"wp:term":[{"taxonomy":"category","embeddable":true,"href":"https:\/\/zjarr.tv\/sq\/wp-json\/wp\/v2\/categories?post=264884"},{"taxonomy":"post_tag","embeddable":true,"href":"https:\/\/zjarr.tv\/sq\/wp-json\/wp\/v2\/tags?post=264884"}],"curies":[{"name":"wp","href":"https:\/\/api.w.org\/{rel}","templated":true}]}}