{"id":264894,"date":"2022-06-17T12:22:05","date_gmt":"2022-06-17T10:22:05","guid":{"rendered":"https:\/\/zjarr.tv\/?p=264894"},"modified":"2022-06-17T12:22:05","modified_gmt":"2022-06-17T10:22:05","slug":"nuk-mbyllim-dot-syte-rama-i-rrepte-do-merren-masa-per-te-gjitha-bashkite-qe-spermbushin-detyrimet-financiare","status":"publish","type":"post","link":"https:\/\/zjarr.tv\/sq\/nuk-mbyllim-dot-syte-rama-i-rrepte-do-merren-masa-per-te-gjitha-bashkite-qe-spermbushin-detyrimet-financiare\/","title":{"rendered":"\u201cNuk mbyllim dot syt\u00eb\u201d\/ Rama \u201ci rrept\u00eb\u201d: Do merren masa p\u00ebr t\u00eb gjitha bashkit\u00eb q\u00eb s\u2019p\u00ebrmbushin detyrimet financiare!"},"content":{"rendered":"<p>N\u00eb mbledhjen e sotme me kryebashkiak\u00ebt, kryeministri Edi Rama deklaroi se n\u00eb vend duhet t\u00eb funksionoj\u00eb ashtu si n\u00eb \u00e7do qytet t\u00eb bot\u00ebs, ku jo \u00e7do \u201cbarr\u00eb\u201d e sh\u00ebrbimeve apo projekteve t\u2019i kaloj\u00eb qeveris\u00eb.<\/p>\n<p>Rama tha se bashkit\u00eb duhet t\u00eb tregohen \u2018kampione\u2019 n\u00eb digjitalizimin e sh\u00ebrbimeve dhe administrimi t\u00eb jet\u00eb i duhuri, se vet\u00ebm n\u00eb k\u00ebt\u00eb m\u00ebnyr\u00eb sipas tij nuk do t\u00eb ket\u00eb probleme financiare. Kryeministri paralajm\u00ebroi marrjen e masave n\u00eb rast se n\u00eb bashki nuk ka p\u00ebrgjegjshm\u00ebri t\u00eb personave n\u00eb detyr\u00eb apo n\u00ebse nuk p\u00ebrmbushen detyrimet financiare.<\/p>\n<p>\u201cPa folur p\u00ebr sh\u00ebrbime t\u00eb tjera, pastrimin, transportin public q\u00eb nuk organizohen leht\u00eb. N\u00eb t\u00eb gjitha k\u00ebto kemi mund\u00ebsi t\u00eb shohim se nuk po flasim p\u00ebr gj\u00ebra t\u00eb pab\u00ebshme, pse duhet t\u00eb jet\u00eb qeveria kampione n\u00eb digjitalizim, pse most \u00eb jen\u00eb bashkit\u00eb, n\u00eb t\u00eb gjith\u00eb bot\u00ebn ndodh e kund\u00ebrta. K\u00ebtu qeveria qendrore ka b\u00ebr\u00eb revolucion deri n\u00eb fund me sh\u00ebrbimet, a aka kuptim q\u00eb sh\u00ebrbimet publike t\u00eb jepen me letra e t\u00eb mos jen\u00eb online, t\u00eb jen\u00eb t\u00eb prapambetura?<\/p>\n<p>N\u00eb fund t\u00eb fundit, p\u00ebr fiziologjin\u00eb e vet roli i kryetarit t\u00eb bashkis\u00eb \u00ebsht\u00eb ai i njeriut m\u00eb t\u00eb af\u00ebrt me qytetar\u00ebt, pse duhet ta ket\u00eb k\u00ebt\u00eb ngarkes\u00eb qeveria, mbi 90%?<\/p>\n<p>\u00c7a ndodh, pse? Sot nuk jemi n\u00eb vitin 0, jeni njer\u00ebz q\u00eb keni par\u00eb bot\u00eb me sy, keni kontaklte personale me kryetar\u00eb bashkie dhe e dini shum\u00eb mir\u00eb se k\u00ebto qe them un\u00eb jan\u00eb normaliteti n\u00eb ccdo qytet. Nuk mund t\u00eb vazhdoj\u00eb k\u00ebt\u00eb histori, borxhet n\u00eb der\u00ebn e qeveris\u00eb, problemet po ashtu, projektet i kufizojn\u00eb vet\u00ebm n\u00eb ato q\u00eb financohen vet\u00ebm nga buxheti dhe nuk dalin jasht\u00eb rrethit vicioz. Sot qytetet tuaja jan\u00eb m\u00eb t\u00eb pastra para se ne t\u00eb merrnim, nj\u00eb mas\u00eb.<\/p>\n<p>Kjo tregon q\u00eb gj\u00ebrat b\u00ebhen, 45 bashki nuk kan\u00eb probleme financiare,pash\u00eb Konispolin. \u00cbsht\u00eb bashki e vog\u00ebl dhe s\u2019ka asnj\u00eb problem financiar. Ku ndryshon Konispoli me Tropoj\u00ebn, jan\u00eb dy skaje? Jan\u00eb cc\u00ebshtje administrimi dhe p\u00ebrgjegj\u00ebsie, e kuptoj se ka akumulim nga e shkuara, por \u00ebsht\u00eb e nj\u00ebjta ark\u00eb.<\/p>\n<p>Si me pastrimin e nj\u00ebjta gj\u00eb vlen dhe me pastrimin e borxheve, kemi disa partner\u00eb n\u00eb sall\u00eb.<\/p>\n<p>Ne do t\u00eb marrim masa n\u00eb rast se nuk p\u00ebrmbushen detyrimet n\u00eb aspekt financiar, situata financiare b\u00ebhet nj\u00eb grop\u00eb q\u00eb nuk mbushet dot m\u00eb kur b\u00ebn sikur nuk e sheh, k\u00ebshtu si me pastrimin do b\u00ebjm\u00eb dhe me disiplin\u00ebn buxhetore. \u00cbsht\u00eb absolutisht e v\u00ebrtet\u00eb q\u00eb kjo pamje nuk \u00ebsht\u00eb vet\u00ebm vepra juaj por n\u00eb at\u00eb zon\u00ebn jeshile shum\u00eb nga bashkit\u00eb jan\u00eb aty prej kryetar\u00ebve, me lidership e p\u00ebrgjegjsh\u00ebmri, p\u00ebrmirsime t\u00eb ndodhura n\u00eb k\u00ebt\u00eb periudh\u00eb. Nuk justifikohet pap\u00ebrgjegjshm\u00ebria e bashkis\u00eb me detyr\u00ebn, duke mbyllur syt\u00eb\u201d-tha Rama.<\/p>\n","protected":false},"excerpt":{"rendered":"<p>N\u00eb mbledhjen e sotme me kryebashkiak\u00ebt, kryeministri Edi Rama deklaroi se n\u00eb vend duhet t\u00eb funksionoj\u00eb ashtu si n\u00eb \u00e7do qytet t\u00eb bot\u00ebs, ku jo \u00e7do \u201cbarr\u00eb\u201d e sh\u00ebrbimeve apo projekteve t\u2019i kaloj\u00eb qeveris\u00eb. Rama tha se bashkit\u00eb duhet t\u00eb tregohen \u2018kampione\u2019 n\u00eb digjitalizimin e sh\u00ebrbimeve dhe administrimi t\u00eb jet\u00eb i duhuri, se vet\u00ebm n\u00eb [&hellip;]<\/p>\n","protected":false},"author":2020,"featured_media":264895,"comment_status":"closed","ping_status":"closed","sticky":false,"template":"","format":"standard","meta":{"footnotes":""},"categories":[241,5380,231],"tags":[],"class_list":{"0":"post-264894","1":"post","2":"type-post","3":"status-publish","4":"format-standard","5":"has-post-thumbnail","7":"category-aktualitet","8":"category-kryesore","9":"category-lajme"},"_links":{"self":[{"href":"https:\/\/zjarr.tv\/sq\/wp-json\/wp\/v2\/posts\/264894","targetHints":{"allow":["GET"]}}],"collection":[{"href":"https:\/\/zjarr.tv\/sq\/wp-json\/wp\/v2\/posts"}],"about":[{"href":"https:\/\/zjarr.tv\/sq\/wp-json\/wp\/v2\/types\/post"}],"author":[{"embeddable":true,"href":"https:\/\/zjarr.tv\/sq\/wp-json\/wp\/v2\/users\/2020"}],"replies":[{"embeddable":true,"href":"https:\/\/zjarr.tv\/sq\/wp-json\/wp\/v2\/comments?post=264894"}],"version-history":[{"count":0,"href":"https:\/\/zjarr.tv\/sq\/wp-json\/wp\/v2\/posts\/264894\/revisions"}],"wp:featuredmedia":[{"embeddable":true,"href":"https:\/\/zjarr.tv\/sq\/wp-json\/wp\/v2\/media\/264895"}],"wp:attachment":[{"href":"https:\/\/zjarr.tv\/sq\/wp-json\/wp\/v2\/media?parent=264894"}],"wp:term":[{"taxonomy":"category","embeddable":true,"href":"https:\/\/zjarr.tv\/sq\/wp-json\/wp\/v2\/categories?post=264894"},{"taxonomy":"post_tag","embeddable":true,"href":"https:\/\/zjarr.tv\/sq\/wp-json\/wp\/v2\/tags?post=264894"}],"curies":[{"name":"wp","href":"https:\/\/api.w.org\/{rel}","templated":true}]}}