{"id":264897,"date":"2022-06-17T12:25:07","date_gmt":"2022-06-17T10:25:07","guid":{"rendered":"https:\/\/zjarr.tv\/?p=264897"},"modified":"2022-06-17T12:25:07","modified_gmt":"2022-06-17T10:25:07","slug":"kriza-ekonomike-brahimaj-ultimatum-kryebashkiakeve-deri-me-15-korrik-dua-planin-e-detajuar-ja-tre-bashkite-qe-kane-perkeqesuar-situaten-financiare","status":"publish","type":"post","link":"https:\/\/zjarr.tv\/sq\/kriza-ekonomike-brahimaj-ultimatum-kryebashkiakeve-deri-me-15-korrik-dua-planin-e-detajuar-ja-tre-bashkite-qe-kane-perkeqesuar-situaten-financiare\/","title":{"rendered":"Kriza ekonomike, Brahimaj \u201cultimatum\u201d kryebashkiak\u00ebve: Deri m\u00eb 15 korrik dua planin e detajuar! Ja tre bashkit\u00eb q\u00eb kan\u00eb p\u00ebrkeq\u00ebsuar situat\u00ebn financiare"},"content":{"rendered":"<p>Ministrja e Financave Delina Ibrahimaj u ka dh\u00ebn\u00eb \u201cultimatum\u201d kryebashkiak\u00ebve q\u00eb deri m\u00eb 15 korrik\u00a0 t\u00eb dor\u00ebzojn\u00eb nj\u00eb plan t\u00eb detajuar p\u00ebr daljen nga kriza.<\/p>\n<p>N\u00eb takimin me kryebashkiak\u00ebt e vendit, q\u00eb po mbahet te Pallati i Kongreseve, i thirrur nga kryeministri Edi Rama, ministrja e Financave, Delina Ibrahimaj, renditi bashkit\u00eb m\u00eb problematike, sa i p\u00ebrket financave, ku p\u00ebrmendi bashkit\u00eb e Vor\u00ebs, Kavaj\u00ebs, C\u00ebrrikut, Belshit dhe Mal\u00ebsis\u00eb s\u00eb Madhe.<\/p>\n<p>\u201cBrenda 15 korriku, \u00e7do bashki duhet t\u00eb dor\u00ebzoj\u00eb nj\u00eb plan t\u00eb detajuar p\u00ebr daljen nga kriza. P\u00ebr bashkit\u00eb me v\u00ebshtir\u00ebsi serioze financiare, plani do t\u00eb b\u00ebhet nga Ministria e Financave. Nga viti 2020 n\u00eb 2021 kemi pasur nj\u00eb rritje t\u00eb performanc\u00ebs. Vlora, Poli\u00e7ani, Kor\u00e7a, Kurbini e Tepelena e kan\u00eb reduktuar me 10% performanc\u00ebn e tyre financiare, duke kaluar nga zona portokalli n\u00eb zon\u00ebn jeshile, pra pa probleme financiare.<\/p>\n<p>Por, kemi bashkit\u00eb Vor\u00eb e Kavaj\u00eb, q\u00eb vijon t\u00eb jet\u00eb me probleme financiare. Jan\u00eb tre bashki, q\u00eb kan\u00eb p\u00ebrkeq\u00ebsuar situat\u00ebn financiare, si bashkia C\u00ebrrik, Belsh dhe Mal\u00ebsi e Madhe. Ekselente n\u00eb menaxhimin e financave jan\u00eb bashkit\u00eb Gjirokast\u00ebr, Patos, K\u00eblcyr\u00eb, Shkod\u00ebr e Kor\u00e7\u00eb. P\u00ebrg\u00ebzoj bashkin\u00eb Elbasan dhe Tiran\u00eb, q\u00eb e kan\u00eb stokun e detyrimeve t\u00eb prapambetura n\u00ebn 5% t\u00eb shpenzimeve t\u00eb tyre\u201d, tha ministrja Ibrahimaj.<\/p>\n","protected":false},"excerpt":{"rendered":"<p>Ministrja e Financave Delina Ibrahimaj u ka dh\u00ebn\u00eb \u201cultimatum\u201d kryebashkiak\u00ebve q\u00eb deri m\u00eb 15 korrik\u00a0 t\u00eb dor\u00ebzojn\u00eb nj\u00eb plan t\u00eb detajuar p\u00ebr daljen nga kriza. N\u00eb takimin me kryebashkiak\u00ebt e vendit, q\u00eb po mbahet te Pallati i Kongreseve, i thirrur nga kryeministri Edi Rama, ministrja e Financave, Delina Ibrahimaj, renditi bashkit\u00eb m\u00eb problematike, sa i [&hellip;]<\/p>\n","protected":false},"author":2020,"featured_media":264898,"comment_status":"closed","ping_status":"closed","sticky":false,"template":"","format":"standard","meta":{"footnotes":""},"categories":[241,5380,231],"tags":[],"class_list":{"0":"post-264897","1":"post","2":"type-post","3":"status-publish","4":"format-standard","5":"has-post-thumbnail","7":"category-aktualitet","8":"category-kryesore","9":"category-lajme"},"_links":{"self":[{"href":"https:\/\/zjarr.tv\/sq\/wp-json\/wp\/v2\/posts\/264897","targetHints":{"allow":["GET"]}}],"collection":[{"href":"https:\/\/zjarr.tv\/sq\/wp-json\/wp\/v2\/posts"}],"about":[{"href":"https:\/\/zjarr.tv\/sq\/wp-json\/wp\/v2\/types\/post"}],"author":[{"embeddable":true,"href":"https:\/\/zjarr.tv\/sq\/wp-json\/wp\/v2\/users\/2020"}],"replies":[{"embeddable":true,"href":"https:\/\/zjarr.tv\/sq\/wp-json\/wp\/v2\/comments?post=264897"}],"version-history":[{"count":0,"href":"https:\/\/zjarr.tv\/sq\/wp-json\/wp\/v2\/posts\/264897\/revisions"}],"wp:featuredmedia":[{"embeddable":true,"href":"https:\/\/zjarr.tv\/sq\/wp-json\/wp\/v2\/media\/264898"}],"wp:attachment":[{"href":"https:\/\/zjarr.tv\/sq\/wp-json\/wp\/v2\/media?parent=264897"}],"wp:term":[{"taxonomy":"category","embeddable":true,"href":"https:\/\/zjarr.tv\/sq\/wp-json\/wp\/v2\/categories?post=264897"},{"taxonomy":"post_tag","embeddable":true,"href":"https:\/\/zjarr.tv\/sq\/wp-json\/wp\/v2\/tags?post=264897"}],"curies":[{"name":"wp","href":"https:\/\/api.w.org\/{rel}","templated":true}]}}