{"id":264903,"date":"2022-06-17T12:47:56","date_gmt":"2022-06-17T10:47:56","guid":{"rendered":"https:\/\/zjarr.tv\/?p=264903"},"modified":"2022-06-17T12:47:56","modified_gmt":"2022-06-17T10:47:56","slug":"fatmir-mediu-ben-propozimin-e-rendesishem","status":"publish","type":"post","link":"https:\/\/zjarr.tv\/sq\/fatmir-mediu-ben-propozimin-e-rendesishem\/","title":{"rendered":"Fatmir Mediu  b\u00ebn propozimin e r\u00ebnd\u00ebsish\u00ebm"},"content":{"rendered":"<p>Kreu i PR-s\u00eb Fatmir Mediu, an\u00ebtar i Komisionit t\u00eb Posa\u00e7\u00ebm t\u00eb Reform\u00ebs Zgjedhore ka propozuar dit\u00ebn e sotme t\u00eb b\u00ebhet sistemi proporcional komb\u00ebtar me lista t\u00eb hapura.<\/p>\n<p>\u201cAjo \u00e7ka i mungon k\u00ebtij parlamenti \u00ebsht\u00eb kushtetutshm\u00ebria. Mendoj q\u00eb ky \u00ebsht\u00eb momenti i par\u00eb q\u00eb duhet t\u00eb jet\u00eb reflektimi yn\u00eb, kthimi i parlamentit te qytetar\u00ebt. Nj\u00eb republik\u00eb parlamentare iu jep t\u00eb drejt\u00ebn qytetar\u00ebve p\u00ebr t\u00eb deleguar me vot\u00eb njeriun e tyre n\u00eb parlament.<\/p>\n<p>E dyta, garantimi i zgjedhjeve t\u00eb lira dhe t\u00eb ndershme nuk \u00ebsht\u00eb thjesht nj\u00eb \u00e7\u00ebshtje e shkrimit t\u00eb procedurave apo k\u00ebrkesave q\u00eb k\u00ebrkon OSBE\/ODIHR, por \u00ebsht\u00eb respektimi i tyre dhe ne e dim\u00eb se kush jan\u00eb problemet gjat\u00eb procesit zgjedhor. Duhet t\u00eb gjejm\u00eb praktikat m\u00eb t\u00eb mira p\u00ebr ta shmangur q\u00eb ligjin dhe vendimmarrjen p\u00ebr zgjedhjet n\u00eb Shqip\u00ebri ta b\u00ebjn\u00eb grupet kriminale, apo parat\u00eb e krimit.<\/p>\n<p>E treta, mendoj q\u00eb nj\u00eb r\u00ebnd\u00ebsi jasht\u00ebzakonisht t\u00eb madhe n\u00eb funksionimin politik dhe demokracin\u00eb e k\u00ebtij vendi, n\u00eb pluralizmin politik ka sistemi zgjedhor. Sistemi aktual \u00ebsht\u00eb nj\u00eb vrastar i pluralizmit politik. Ka tentuar gjithmon\u00eb p\u00ebr t\u00eb eliminuar pluralizmin, p\u00ebr t\u2019iu hequr dhe mund\u00ebsin e organizimit dhe funksionimit normal politik dhe t\u00eb partive t\u00eb m\u00ebdha.<\/p>\n<p>Ka ardhur koha q\u00eb t\u2019i referohemi sistemeve q\u00eb jan\u00eb m\u00eb funksionale, m\u00eb produktive, m\u00eb me pak konflikte, me zgjedhje q\u00eb i kan\u00eb nxjerr\u00eb p\u00ebrfundimet shpejt dhe kan\u00eb sjell\u00eb qeverisje m\u00eb t\u00eb stabilizuar q\u00eb bazohet n\u00eb radh\u00eb t\u00eb par\u00eb te zgjedhjet e lira dhe t\u00eb ndershme. Sistemi proporcional komb\u00ebtar me lista t\u00eb hapura i jep mund\u00ebsin\u00eb \u00e7do subjekti t\u00eb konkurroj\u00eb bazuar n\u00eb at\u00eb q\u00eb ka dhe as n\u00eb marr\u00ebveshje dhe asnj\u00eb shp\u00ebrfillje t\u00eb interesave politike t\u00eb grupeve t\u00eb caktuara.<\/p>\n<p>Pika e kat\u00ebrt, \u00ebsht\u00eb serioziteti q\u00eb duhet t\u00eb marrim p\u00ebr t\u00eb mb\u00ebshtetur KQZ-n\u00eb p\u00ebr votimin e diaspor\u00ebs, mund\u00ebsin\u00eb e p\u00ebrfaq\u00ebsimit t\u00eb diaspor\u00ebs. Nuk \u00ebsht\u00eb thjesht a do ken\u00eb mund\u00ebsi p\u00ebr t\u00eb votuar ku jan\u00eb, por a do ken\u00eb mund\u00ebsi p\u00ebr t\u2019u p\u00ebrfaq\u00ebsuar\u201d, u shpreh Mediu.<\/p>\n","protected":false},"excerpt":{"rendered":"<p>Kreu i PR-s\u00eb Fatmir Mediu, an\u00ebtar i Komisionit t\u00eb Posa\u00e7\u00ebm t\u00eb Reform\u00ebs Zgjedhore ka propozuar dit\u00ebn e sotme t\u00eb b\u00ebhet sistemi proporcional komb\u00ebtar me lista t\u00eb hapura. \u201cAjo \u00e7ka i mungon k\u00ebtij parlamenti \u00ebsht\u00eb kushtetutshm\u00ebria. Mendoj q\u00eb ky \u00ebsht\u00eb momenti i par\u00eb q\u00eb duhet t\u00eb jet\u00eb reflektimi yn\u00eb, kthimi i parlamentit te qytetar\u00ebt. Nj\u00eb republik\u00eb [&hellip;]<\/p>\n","protected":false},"author":2020,"featured_media":151641,"comment_status":"closed","ping_status":"closed","sticky":false,"template":"","format":"standard","meta":{"footnotes":""},"categories":[241,5380,231],"tags":[],"class_list":{"0":"post-264903","1":"post","2":"type-post","3":"status-publish","4":"format-standard","5":"has-post-thumbnail","7":"category-aktualitet","8":"category-kryesore","9":"category-lajme"},"_links":{"self":[{"href":"https:\/\/zjarr.tv\/sq\/wp-json\/wp\/v2\/posts\/264903","targetHints":{"allow":["GET"]}}],"collection":[{"href":"https:\/\/zjarr.tv\/sq\/wp-json\/wp\/v2\/posts"}],"about":[{"href":"https:\/\/zjarr.tv\/sq\/wp-json\/wp\/v2\/types\/post"}],"author":[{"embeddable":true,"href":"https:\/\/zjarr.tv\/sq\/wp-json\/wp\/v2\/users\/2020"}],"replies":[{"embeddable":true,"href":"https:\/\/zjarr.tv\/sq\/wp-json\/wp\/v2\/comments?post=264903"}],"version-history":[{"count":0,"href":"https:\/\/zjarr.tv\/sq\/wp-json\/wp\/v2\/posts\/264903\/revisions"}],"wp:featuredmedia":[{"embeddable":true,"href":"https:\/\/zjarr.tv\/sq\/wp-json\/wp\/v2\/media\/151641"}],"wp:attachment":[{"href":"https:\/\/zjarr.tv\/sq\/wp-json\/wp\/v2\/media?parent=264903"}],"wp:term":[{"taxonomy":"category","embeddable":true,"href":"https:\/\/zjarr.tv\/sq\/wp-json\/wp\/v2\/categories?post=264903"},{"taxonomy":"post_tag","embeddable":true,"href":"https:\/\/zjarr.tv\/sq\/wp-json\/wp\/v2\/tags?post=264903"}],"curies":[{"name":"wp","href":"https:\/\/api.w.org\/{rel}","templated":true}]}}