{"id":264916,"date":"2022-06-17T13:52:37","date_gmt":"2022-06-17T11:52:37","guid":{"rendered":"https:\/\/zjarr.tv\/?p=264916"},"modified":"2022-06-17T13:52:37","modified_gmt":"2022-06-17T11:52:37","slug":"me-firmen-e-ulsi-manjes-kush-eshte-drejtori-i-ri-i-policise-se-burgjeve","status":"publish","type":"post","link":"https:\/\/zjarr.tv\/sq\/me-firmen-e-ulsi-manjes-kush-eshte-drejtori-i-ri-i-policise-se-burgjeve\/","title":{"rendered":"Me firm\u00ebn e Ulsi Manj\u00ebs, kush \u00ebsht\u00eb drejtori i ri i Policis\u00eb s\u00eb Burgjeve"},"content":{"rendered":"<p>Ministri i Drejt\u00ebsis\u00eb\u00a0 Ulsi Manja ka em\u00ebruar sot n\u00eb krye t\u00eb Policis\u00eb s\u00eb Burgjeve Paulin Rajt\u00ebn.<\/p>\n<p>Drejtues i Lart\u00eb, me nj\u00eb eksperienc\u00eb t\u00eb gjat\u00eb n\u00eb Policin\u00eb e Shtetit dhe n\u00eb detyra t\u00eb tjera t\u00eb r\u00ebnd\u00ebsishme, Rajta ka kryer studimet e larta n\u00eb Akademin\u00eb e Policis\u00eb dhe n\u00eb Drejt\u00ebsi, si dhe ka nj\u00eb s\u00ebr\u00eb trajnimesh profesionale n\u00eb fusha t\u00eb ndryshme, q\u00eb nga lufta kund\u00ebr terrorizmit deri n\u00eb marr\u00ebdh\u00ebniet me publikun.<\/p>\n<p>Ka qen\u00eb drejtues n\u00eb Drejtorin\u00eb e P\u00ebrgjithshme t\u00eb Policis\u00eb s\u00eb Shtetit, po ashtu n\u00eb qarqet Shkod\u00ebr, Dib\u00ebr, Berat, Vlor\u00eb etj. Kakryer detyra t\u00eb r\u00ebnd\u00ebsishme n\u00eb Administrat\u00ebn Publike.<\/p>\n<p>S\u00eb fundmi Rajta kryente detyr\u00ebn e Drejtorit t\u00eb IEVP \u201cJordan Misja\u201d Tiran\u00eb. N\u00eb t\u00eb gjitha detyrat e ngarkuara, Rajta ka treguar profesionaliz\u00ebm, p\u00ebrkushtim dhe korrekt\u00ebsi n\u00eb zbatimin e ligjit, luft\u00ebn ndaj krimit dhe sh\u00ebrbimin ndaj qytetar\u00ebve.<\/p>\n","protected":false},"excerpt":{"rendered":"<p>Ministri i Drejt\u00ebsis\u00eb\u00a0 Ulsi Manja ka em\u00ebruar sot n\u00eb krye t\u00eb Policis\u00eb s\u00eb Burgjeve Paulin Rajt\u00ebn. Drejtues i Lart\u00eb, me nj\u00eb eksperienc\u00eb t\u00eb gjat\u00eb n\u00eb Policin\u00eb e Shtetit dhe n\u00eb detyra t\u00eb tjera t\u00eb r\u00ebnd\u00ebsishme, Rajta ka kryer studimet e larta n\u00eb Akademin\u00eb e Policis\u00eb dhe n\u00eb Drejt\u00ebsi, si dhe ka nj\u00eb s\u00ebr\u00eb trajnimesh profesionale [&hellip;]<\/p>\n","protected":false},"author":2020,"featured_media":264917,"comment_status":"closed","ping_status":"closed","sticky":false,"template":"","format":"standard","meta":{"footnotes":""},"categories":[241,5380,231],"tags":[],"class_list":{"0":"post-264916","1":"post","2":"type-post","3":"status-publish","4":"format-standard","5":"has-post-thumbnail","7":"category-aktualitet","8":"category-kryesore","9":"category-lajme"},"_links":{"self":[{"href":"https:\/\/zjarr.tv\/sq\/wp-json\/wp\/v2\/posts\/264916","targetHints":{"allow":["GET"]}}],"collection":[{"href":"https:\/\/zjarr.tv\/sq\/wp-json\/wp\/v2\/posts"}],"about":[{"href":"https:\/\/zjarr.tv\/sq\/wp-json\/wp\/v2\/types\/post"}],"author":[{"embeddable":true,"href":"https:\/\/zjarr.tv\/sq\/wp-json\/wp\/v2\/users\/2020"}],"replies":[{"embeddable":true,"href":"https:\/\/zjarr.tv\/sq\/wp-json\/wp\/v2\/comments?post=264916"}],"version-history":[{"count":0,"href":"https:\/\/zjarr.tv\/sq\/wp-json\/wp\/v2\/posts\/264916\/revisions"}],"wp:featuredmedia":[{"embeddable":true,"href":"https:\/\/zjarr.tv\/sq\/wp-json\/wp\/v2\/media\/264917"}],"wp:attachment":[{"href":"https:\/\/zjarr.tv\/sq\/wp-json\/wp\/v2\/media?parent=264916"}],"wp:term":[{"taxonomy":"category","embeddable":true,"href":"https:\/\/zjarr.tv\/sq\/wp-json\/wp\/v2\/categories?post=264916"},{"taxonomy":"post_tag","embeddable":true,"href":"https:\/\/zjarr.tv\/sq\/wp-json\/wp\/v2\/tags?post=264916"}],"curies":[{"name":"wp","href":"https:\/\/api.w.org\/{rel}","templated":true}]}}