{"id":264933,"date":"2022-06-17T14:40:54","date_gmt":"2022-06-17T12:40:54","guid":{"rendered":"https:\/\/zjarr.tv\/?p=264933"},"modified":"2022-06-17T14:45:19","modified_gmt":"2022-06-17T12:45:19","slug":"berisha-mban-fjalen-ne-samitin-e-sigurise-ne-azerbajxhan-ndryshimi-i-kufijve-ne-ballkan-do-te-hapte-kutine-e-pandores-shqetesues-ndikimi-rus","status":"publish","type":"post","link":"https:\/\/zjarr.tv\/sq\/berisha-mban-fjalen-ne-samitin-e-sigurise-ne-azerbajxhan-ndryshimi-i-kufijve-ne-ballkan-do-te-hapte-kutine-e-pandores-shqetesues-ndikimi-rus\/","title":{"rendered":"Berisha mban fjal\u00ebn n\u00eb samitin e siguris\u00eb n\u00eb Azerbajxhan: Ndryshimi i kufijve n\u00eb Ballkan do t\u00eb hapte \u2018Kutin\u00eb e Pandor\u00ebs\u201d, shqet\u00ebsues ndikimi rus"},"content":{"rendered":"<p>Ish-kryeministri Sali Berisha ka folur p\u00ebr \u00e7\u00ebshtjen e nxeht\u00eb t\u00eb siguris\u00eb s\u00eb Ballkanit Per\u00ebndimor dhe ndikimin rus n\u00eb k\u00ebt\u00eb rajon, n\u00eb nj\u00eb samit q\u00eb po zhvillohet n\u00eb Azerbajxhan me tem\u00eb \u201cNje Europe ne Ndyshim dhe Siguria ne Ballkanin Perendimor\u201d.<\/p>\n<p>Ai ka sjell\u00eb n\u00eb v\u00ebmendje deklaratat e Presidentit t\u00eb Serbis\u00eb Aleksand\u00ebr Vu\u00e7i\u00e7 p\u00ebr mbrojtjen e sovranitetit t\u00eb vendit t\u00eb tij por dhe Kosov\u00ebs dhe tha se kjo \u00ebsht\u00eb \u201ct\u00eb mbash konfilktin t\u00eb ndezur\u201d.<\/p>\n<p>Nd\u00ebrkoh\u00eb q\u00eb theksoi se nj\u00eb \u00e7\u00ebshtje p\u00ebr ndryshimi e kufijve do \u201chapte kutin\u00eb e Pandor\u00ebs\u201d n\u00eb rajon. Un\u00eb besoj se pavar\u00ebsisht t\u00eb madh q\u00eb ka b\u00ebr\u00eb rajoni n\u00eb procesin e integrimit ende p\u00ebr sa i p\u00ebrket siguris\u00eb do thosha se \u00ebsht\u00eb shum\u00eb larg pozivionit ku duhet t\u00eb ishte.<\/p>\n<p>Disa prej arsyeve jan\u00eb plag\u00ebt e pash\u00ebruara t\u00eb konflikteve t\u00eb fundit dhe fantazma e ultranacionalizmit, t\u00eb pranishme q\u00eb e mbajn\u00eb pezull konfliktin. S\u00eb dyti nj\u00eb ndikim i fort\u00eb rus n\u00eb rajon, krimi i organizuar n\u00eb nivelet m\u00eb t\u00eb larta n\u00eb lidhje me pushtetet autokratike.<\/p>\n<p>Tre vjet m\u00eb par\u00eb Presidenti i Serbis\u00eb vizitoi veriun e Kosov\u00ebs. Tre dit\u00eb n\u00eb \u00e7do takim ai u shpreh hapur se Serbia do zgjerohet do b\u00ebhet m\u00eb e madhe.<\/p>\n<p>I nj\u00ebjti president u betua para dy jav\u00ebsh para parlamentit duke u zotuar se do mbronte sovranitetin e Serbis\u00eb p\u00ebrfshir\u00eb Kosov\u00ebn, kjo do t\u00eb thot\u00eb q\u00eb konflikti t\u00eb mbahet pezull. N\u00ebse q\u00ebndron k\u00ebshtu, ti e mban konfliktin t\u00eb vazhduar.<\/p>\n<p>N\u00ebse atje shkojn\u00eb arm\u00eb ruse e kineze n\u00eb at\u00eb koh\u00eb q\u00eb Serbia k\u00ebrc\u00ebnohet nga askushi, mendoj se kjo q\u00eb po ndodh \u00ebsht\u00eb shqet\u00ebsuese.<\/p>\n<p>Nj\u00eb marr\u00ebveshje mes Serbis\u00eb e Kosov\u00ebs \u00ebsht\u00eb jet\u00ebsore.<\/p>\n<p>Nj\u00eb iniciativ\u00eb ka shkuar kot e ka d\u00ebmtuar procesin, ka qen\u00eb iniciativ\u00eb p\u00ebr t\u00eb ndryshuar kufijt\u00eb, p\u00ebr t\u00eb b\u00ebr\u00eb ndryshim kufijsh me vija t\u00eb pastra etnike, p\u00ebr shkak t\u00eb tre komunave serbe e tre shqiptare n\u00eb jug t\u00eb Serbis\u00eb. Por nj\u00eb projekt i till\u00eb i mb\u00ebshtetur nga rus\u00ebt do hapte kutin\u00eb e Pandor\u00ebs p\u00ebr rajonin\u201d.<\/p>\n","protected":false},"excerpt":{"rendered":"<p>Ish-kryeministri Sali Berisha ka folur p\u00ebr \u00e7\u00ebshtjen e nxeht\u00eb t\u00eb siguris\u00eb s\u00eb Ballkanit Per\u00ebndimor dhe ndikimin rus n\u00eb k\u00ebt\u00eb rajon, n\u00eb nj\u00eb samit q\u00eb po zhvillohet n\u00eb Azerbajxhan me tem\u00eb \u201cNje Europe ne Ndyshim dhe Siguria ne Ballkanin Perendimor\u201d. Ai ka sjell\u00eb n\u00eb v\u00ebmendje deklaratat e Presidentit t\u00eb Serbis\u00eb Aleksand\u00ebr Vu\u00e7i\u00e7 p\u00ebr mbrojtjen e sovranitetit [&hellip;]<\/p>\n","protected":false},"author":2020,"featured_media":264937,"comment_status":"closed","ping_status":"closed","sticky":false,"template":"","format":"standard","meta":{"footnotes":""},"categories":[241,5380,231],"tags":[],"class_list":{"0":"post-264933","1":"post","2":"type-post","3":"status-publish","4":"format-standard","5":"has-post-thumbnail","7":"category-aktualitet","8":"category-kryesore","9":"category-lajme"},"_links":{"self":[{"href":"https:\/\/zjarr.tv\/sq\/wp-json\/wp\/v2\/posts\/264933","targetHints":{"allow":["GET"]}}],"collection":[{"href":"https:\/\/zjarr.tv\/sq\/wp-json\/wp\/v2\/posts"}],"about":[{"href":"https:\/\/zjarr.tv\/sq\/wp-json\/wp\/v2\/types\/post"}],"author":[{"embeddable":true,"href":"https:\/\/zjarr.tv\/sq\/wp-json\/wp\/v2\/users\/2020"}],"replies":[{"embeddable":true,"href":"https:\/\/zjarr.tv\/sq\/wp-json\/wp\/v2\/comments?post=264933"}],"version-history":[{"count":0,"href":"https:\/\/zjarr.tv\/sq\/wp-json\/wp\/v2\/posts\/264933\/revisions"}],"wp:featuredmedia":[{"embeddable":true,"href":"https:\/\/zjarr.tv\/sq\/wp-json\/wp\/v2\/media\/264937"}],"wp:attachment":[{"href":"https:\/\/zjarr.tv\/sq\/wp-json\/wp\/v2\/media?parent=264933"}],"wp:term":[{"taxonomy":"category","embeddable":true,"href":"https:\/\/zjarr.tv\/sq\/wp-json\/wp\/v2\/categories?post=264933"},{"taxonomy":"post_tag","embeddable":true,"href":"https:\/\/zjarr.tv\/sq\/wp-json\/wp\/v2\/tags?post=264933"}],"curies":[{"name":"wp","href":"https:\/\/api.w.org\/{rel}","templated":true}]}}