{"id":264960,"date":"2022-06-17T16:49:07","date_gmt":"2022-06-17T14:49:07","guid":{"rendered":"https:\/\/zjarr.tv\/?p=264960"},"modified":"2022-06-17T16:49:07","modified_gmt":"2022-06-17T14:49:07","slug":"sali-berisha-nxjerr-dokumentet-e-italise-arrestohet-djali-i-ministrit-bledi-cuci-anetar-i-mafias-qe-kontrabandonte-ilace","status":"publish","type":"post","link":"https:\/\/zjarr.tv\/sq\/sali-berisha-nxjerr-dokumentet-e-italise-arrestohet-djali-i-ministrit-bledi-cuci-anetar-i-mafias-qe-kontrabandonte-ilace\/","title":{"rendered":"Sali Berisha nxjerr DOKUMENTET e Italis\u00eb: Arrestohet djali i ministrit Bledi \u00c7u\u00e7i! An\u00ebtar i mafias q\u00eb kontrabandonte ila\u00e7e"},"content":{"rendered":"<p>Ish-kryeministri Sali Berisha denoncon arrestimin n\u00eb Itali t\u00eb djalit t\u00eb ministrit t\u00eb Brendsh\u00ebm Bledi \u00c7u\u00e7i. Ai thot\u00eb se djali i ministrit ishte pjes\u00eb e band\u00ebs s\u00eb mjek\u00ebve dhe biznesmen\u00ebve q\u00eb u godit\u00ebn pak dit\u00eb m\u00eb par\u00eb dhe q\u00eb merrej me kontrabandimin e ila\u00e7eve.<\/p>\n<p>\u201cArrestohet ne Itali, Endi \u00c7u\u00e7i, djali i ministrit te Brendeshem te familjes Blendi \u00c7u\u00e7i, si antar i mafjes qe kontrabandonte ila\u00e7e dhe te semure! <\/p>\n<p>Punonte ne KLGJ! Nderhyrje te fuqishme per lirimin e tij! Mafje dhe vetem mafje\u201d, shkruan Berisha dhe publikon disa dokumente t\u00eb Gjykat\u00ebs s\u00eb Milanos.<\/p>\n<p>Denoncimi i Berishes \u2013 Lexoni mesazhin e qytetarit dixhital.<\/p>\n<p>Pershendetje Doktor.<\/p>\n<p>Kam disa dokumenta me rendesi te cilat po jua nis. Behet fjale per nje mase sigurie te Gjykates italiane ku i perfshire eshte djali i Blendi \u00c7u\u00e7it, Endi \u00c7u\u00e7i ne kontrabande ilacesh dhe pacientesh shqiptare qe te merrnin karta shendeti te falsifikuara ne Itali ne kohen e Covid. Nuk e ka asnje media vetem ne. Nje miku im gazetar ma dha ne menyre konfidenciale te cilat i siguroi nga gazetare italiane. Materialet i kam.<\/p>\n<p>Me poshte po ju nis dokumentin e Gjykates, ku permendet djali i Blendi \u00c7u\u00e7it nga martesa e tij e pare me Zhaklina Peton, e dale ne pergjimet italiane. Bashkengjitur ju nis te gjithe materialin, median tone e cila e publikoi rastin, por nuk e kane permendur emrin e djalit te Blendi Cucit dhe median italiane. Kredecialet e tij dhe punesimin ne KLGJ.<\/p>\n<p>Me poshte dokumentat:<\/p>\n<p>1. Masa e sigurise se Gjykates se Milanos.<\/p>\n<p>2. Lajmet ne mediat italiane.<\/p>\n<p>Pergjimet ne dosjen e Gjykates.<\/p>\n<p><img loading=\"lazy\" decoding=\"async\" src=\"https:\/\/zjarr.tv\/wp-content\/uploads\/2022\/06\/berishaaaaa-734x1024-1-215x300.jpg\" alt=\"\" width=\"215\" height=\"300\" class=\"alignnone size-medium wp-image-264962\" srcset=\"https:\/\/zjarr.tv\/wp-content\/uploads\/2022\/06\/berishaaaaa-734x1024-1-215x300.jpg 215w, https:\/\/zjarr.tv\/wp-content\/uploads\/2022\/06\/berishaaaaa-734x1024-1-696x971.jpg 696w, https:\/\/zjarr.tv\/wp-content\/uploads\/2022\/06\/berishaaaaa-734x1024-1-301x420.jpg 301w, https:\/\/zjarr.tv\/wp-content\/uploads\/2022\/06\/berishaaaaa-734x1024-1.jpg 734w\" sizes=\"auto, (max-width: 215px) 100vw, 215px\" \/><\/p>\n<p><img loading=\"lazy\" decoding=\"async\" src=\"https:\/\/zjarr.tv\/wp-content\/uploads\/2022\/06\/berishaaaa-564x1024-1-165x300.jpg\" alt=\"\" width=\"165\" height=\"300\" class=\"alignnone size-medium wp-image-264963\" srcset=\"https:\/\/zjarr.tv\/wp-content\/uploads\/2022\/06\/berishaaaa-564x1024-1-165x300.jpg 165w, https:\/\/zjarr.tv\/wp-content\/uploads\/2022\/06\/berishaaaa-564x1024-1-231x420.jpg 231w, https:\/\/zjarr.tv\/wp-content\/uploads\/2022\/06\/berishaaaa-564x1024-1.jpg 564w\" sizes=\"auto, (max-width: 165px) 100vw, 165px\" \/><\/p>\n<p><img loading=\"lazy\" decoding=\"async\" src=\"https:\/\/zjarr.tv\/wp-content\/uploads\/2022\/06\/berishaaa-472x1024-1-138x300.jpg\" alt=\"\" width=\"138\" height=\"300\" class=\"alignnone size-medium wp-image-264964\" srcset=\"https:\/\/zjarr.tv\/wp-content\/uploads\/2022\/06\/berishaaa-472x1024-1-138x300.jpg 138w, https:\/\/zjarr.tv\/wp-content\/uploads\/2022\/06\/berishaaa-472x1024-1-194x420.jpg 194w, https:\/\/zjarr.tv\/wp-content\/uploads\/2022\/06\/berishaaa-472x1024-1.jpg 472w\" sizes=\"auto, (max-width: 138px) 100vw, 138px\" \/><\/p>\n<p><img loading=\"lazy\" decoding=\"async\" src=\"https:\/\/zjarr.tv\/wp-content\/uploads\/2022\/06\/berisha-472x1024-1-138x300.jpg\" alt=\"\" width=\"138\" height=\"300\" class=\"alignnone size-medium wp-image-264965\" srcset=\"https:\/\/zjarr.tv\/wp-content\/uploads\/2022\/06\/berisha-472x1024-1-138x300.jpg 138w, https:\/\/zjarr.tv\/wp-content\/uploads\/2022\/06\/berisha-472x1024-1-194x420.jpg 194w, https:\/\/zjarr.tv\/wp-content\/uploads\/2022\/06\/berisha-472x1024-1.jpg 472w\" sizes=\"auto, (max-width: 138px) 100vw, 138px\" \/><\/p>\n","protected":false},"excerpt":{"rendered":"<p>Ish-kryeministri Sali Berisha denoncon arrestimin n\u00eb Itali t\u00eb djalit t\u00eb ministrit t\u00eb Brendsh\u00ebm Bledi \u00c7u\u00e7i. Ai thot\u00eb se djali i ministrit ishte pjes\u00eb e band\u00ebs s\u00eb mjek\u00ebve dhe biznesmen\u00ebve q\u00eb u godit\u00ebn pak dit\u00eb m\u00eb par\u00eb dhe q\u00eb merrej me kontrabandimin e ila\u00e7eve. \u201cArrestohet ne Itali, Endi \u00c7u\u00e7i, djali i ministrit te Brendeshem te familjes [&hellip;]<\/p>\n","protected":false},"author":2031,"featured_media":264961,"comment_status":"closed","ping_status":"closed","sticky":false,"template":"","format":"standard","meta":{"footnotes":""},"categories":[241,231,235],"tags":[],"class_list":{"0":"post-264960","1":"post","2":"type-post","3":"status-publish","4":"format-standard","5":"has-post-thumbnail","7":"category-aktualitet","8":"category-lajme","9":"category-vendi"},"_links":{"self":[{"href":"https:\/\/zjarr.tv\/sq\/wp-json\/wp\/v2\/posts\/264960","targetHints":{"allow":["GET"]}}],"collection":[{"href":"https:\/\/zjarr.tv\/sq\/wp-json\/wp\/v2\/posts"}],"about":[{"href":"https:\/\/zjarr.tv\/sq\/wp-json\/wp\/v2\/types\/post"}],"author":[{"embeddable":true,"href":"https:\/\/zjarr.tv\/sq\/wp-json\/wp\/v2\/users\/2031"}],"replies":[{"embeddable":true,"href":"https:\/\/zjarr.tv\/sq\/wp-json\/wp\/v2\/comments?post=264960"}],"version-history":[{"count":0,"href":"https:\/\/zjarr.tv\/sq\/wp-json\/wp\/v2\/posts\/264960\/revisions"}],"wp:featuredmedia":[{"embeddable":true,"href":"https:\/\/zjarr.tv\/sq\/wp-json\/wp\/v2\/media\/264961"}],"wp:attachment":[{"href":"https:\/\/zjarr.tv\/sq\/wp-json\/wp\/v2\/media?parent=264960"}],"wp:term":[{"taxonomy":"category","embeddable":true,"href":"https:\/\/zjarr.tv\/sq\/wp-json\/wp\/v2\/categories?post=264960"},{"taxonomy":"post_tag","embeddable":true,"href":"https:\/\/zjarr.tv\/sq\/wp-json\/wp\/v2\/tags?post=264960"}],"curies":[{"name":"wp","href":"https:\/\/api.w.org\/{rel}","templated":true}]}}