{"id":264972,"date":"2022-06-17T17:15:23","date_gmt":"2022-06-17T15:15:23","guid":{"rendered":"https:\/\/zjarr.tv\/?p=264972"},"modified":"2022-06-17T17:15:23","modified_gmt":"2022-06-17T15:15:23","slug":"i-nxehti-pervelues-pushton-francen-ndalohen-te-gjitha-aktivitetet-ne-ambiente-te-jashtme","status":"publish","type":"post","link":"https:\/\/zjarr.tv\/sq\/i-nxehti-pervelues-pushton-francen-ndalohen-te-gjitha-aktivitetet-ne-ambiente-te-jashtme\/","title":{"rendered":"I nxehti p\u00ebrv\u00eblues \u201cpushton\u201d Franc\u00ebn, ndalohen t\u00eb gjitha aktivitetet n\u00eb ambiente t\u00eb jashtme"},"content":{"rendered":"<p>Aktivitetet publike n\u00eb ambiente t\u00eb jashtme jan\u00eb ndaluar n\u00eb disa pjes\u00eb t\u00eb Franc\u00ebs, si pasoj\u00eb e temperaturave t\u00eb larta q\u00eb kan\u00eb p\u00ebrfshir\u00eb s\u00eb fundmi vendin atje.<\/p>\n<p>Koncertet dhe organizimet e m\u00ebdha publike jan\u00eb anuluar af\u00ebr qytetit Bordu.<\/p>\n<p>Gjithashtu \u00ebsht\u00eb raportuar edhe p\u00ebr anulim t\u00eb disa ngjarjeve n\u00eb ambiente t\u00eb brendshme, t\u00eb cilat nuk kan\u00eb kondicioner.<\/p>\n<p>T\u00eb enjten, n\u00eb disa pjes\u00eb t\u00eb Franc\u00ebs jan\u00eb sh\u00ebnuar temperatura n\u00eb deri 40 grad\u00eb Celsius dhe ato pritet t\u00eb rriten edhe m\u00eb shum\u00eb t\u00eb shtun\u00ebn.<\/p>\n<p>Nxeht\u00ebsi e till\u00eb n\u00eb k\u00ebt\u00eb periudh\u00eb t\u00eb vitit, nuk \u00ebsht\u00eb regjistruar ndonj\u00ebher\u00eb n\u00eb Franc\u00eb.<\/p>\n<p>Ministria e Brendshme franceze ka paralajm\u00ebruar njer\u00ebzit q\u00eb t\u00eb jen\u00eb jasht\u00ebzakonisht t\u00eb kujdessh\u00ebm dhe t\u00eb mos ekspozojn\u00eb veten n\u00eb k\u00ebt\u00eb mot t\u00eb nxeht\u00eb.<\/p>\n<p>Autoritetet p\u00ebr motin kan\u00eb th\u00ebn\u00eb se Franca po p\u00ebrballet me nj\u00eb mot t\u00eb till\u00eb p\u00ebr shkak t\u00eb ajrit t\u00eb nxeht\u00eb q\u00eb \u00ebsht\u00eb bartur nga veriu i Afrik\u00ebs.<\/p>\n<p>Shkenc\u00ebtar\u00ebt thon\u00eb se periudhat e t\u00eb nxehtit ekstrem jan\u00eb duke u b\u00ebr\u00eb m\u00eb t\u00eb shpeshta dhe jan\u00eb duke zgjatur m\u00eb shum\u00eb si pasoj\u00eb e ngrohjes globale.<\/p>\n<p>Spanja, Italia dhe Mbret\u00ebria e Bashkuar jan\u00eb duke regjistruar po ashtu temperatura t\u00eb larta.<\/p>\n<p>Spanja, e cila ka regjistruar dit\u00ebn m\u00eb t\u00eb nxeht\u00eb t\u00eb muajit maj prej nisjes s\u00eb shekullit, pritet t\u00eb regjistroj\u00eb temperatura deri n\u00eb 43 grad\u00eb Celsius k\u00ebt\u00eb fundjav\u00eb, sipas meteorolog\u00ebve.<\/p>\n<p>P\u00ebr temperatura t\u00eb tilla nuk \u00ebsht\u00eb raportuar vet\u00ebm n\u00eb Evrop\u00eb k\u00ebt\u00eb jav\u00eb.<\/p>\n<p>T\u00eb m\u00ebrkur\u00ebn, nj\u00eb e treta e gjith\u00eb popullsis\u00eb s\u00eb Shteteve t\u00eb Bashkuara \u00ebsht\u00eb udh\u00ebzuar q\u00eb t\u00eb q\u00ebndroj\u00eb n\u00eb ambiente t\u00eb brendshme, p\u00ebr shkak t\u00eb temperaturave rekorde.<\/p>\n","protected":false},"excerpt":{"rendered":"<p>Aktivitetet publike n\u00eb ambiente t\u00eb jashtme jan\u00eb ndaluar n\u00eb disa pjes\u00eb t\u00eb Franc\u00ebs, si pasoj\u00eb e temperaturave t\u00eb larta q\u00eb kan\u00eb p\u00ebrfshir\u00eb s\u00eb fundmi vendin atje. Koncertet dhe organizimet e m\u00ebdha publike jan\u00eb anuluar af\u00ebr qytetit Bordu. Gjithashtu \u00ebsht\u00eb raportuar edhe p\u00ebr anulim t\u00eb disa ngjarjeve n\u00eb ambiente t\u00eb brendshme, t\u00eb cilat nuk kan\u00eb kondicioner. [&hellip;]<\/p>\n","protected":false},"author":2031,"featured_media":264973,"comment_status":"closed","ping_status":"closed","sticky":false,"template":"","format":"standard","meta":{"footnotes":""},"categories":[241,231],"tags":[],"class_list":{"0":"post-264972","1":"post","2":"type-post","3":"status-publish","4":"format-standard","5":"has-post-thumbnail","7":"category-aktualitet","8":"category-lajme"},"_links":{"self":[{"href":"https:\/\/zjarr.tv\/sq\/wp-json\/wp\/v2\/posts\/264972","targetHints":{"allow":["GET"]}}],"collection":[{"href":"https:\/\/zjarr.tv\/sq\/wp-json\/wp\/v2\/posts"}],"about":[{"href":"https:\/\/zjarr.tv\/sq\/wp-json\/wp\/v2\/types\/post"}],"author":[{"embeddable":true,"href":"https:\/\/zjarr.tv\/sq\/wp-json\/wp\/v2\/users\/2031"}],"replies":[{"embeddable":true,"href":"https:\/\/zjarr.tv\/sq\/wp-json\/wp\/v2\/comments?post=264972"}],"version-history":[{"count":0,"href":"https:\/\/zjarr.tv\/sq\/wp-json\/wp\/v2\/posts\/264972\/revisions"}],"wp:featuredmedia":[{"embeddable":true,"href":"https:\/\/zjarr.tv\/sq\/wp-json\/wp\/v2\/media\/264973"}],"wp:attachment":[{"href":"https:\/\/zjarr.tv\/sq\/wp-json\/wp\/v2\/media?parent=264972"}],"wp:term":[{"taxonomy":"category","embeddable":true,"href":"https:\/\/zjarr.tv\/sq\/wp-json\/wp\/v2\/categories?post=264972"},{"taxonomy":"post_tag","embeddable":true,"href":"https:\/\/zjarr.tv\/sq\/wp-json\/wp\/v2\/tags?post=264972"}],"curies":[{"name":"wp","href":"https:\/\/api.w.org\/{rel}","templated":true}]}}