{"id":264994,"date":"2022-06-17T18:39:01","date_gmt":"2022-06-17T16:39:01","guid":{"rendered":"https:\/\/zjarr.tv\/?p=264994"},"modified":"2022-06-17T18:39:01","modified_gmt":"2022-06-17T16:39:01","slug":"plas-ne-pd-e-berishes-belind-kellici-padit-evi-kokalarin-dhe-i-kerkon-10-milione-leke-e-ka-bere-balte-parate-do-i-shpenzoj-kokerr-me-kokerr-dokumenti","status":"publish","type":"post","link":"https:\/\/zjarr.tv\/sq\/plas-ne-pd-e-berishes-belind-kellici-padit-evi-kokalarin-dhe-i-kerkon-10-milione-leke-e-ka-bere-balte-parate-do-i-shpenzoj-kokerr-me-kokerr-dokumenti\/","title":{"rendered":"Plas n\u00eb PD e Berish\u00ebs\/ Belind K\u00eblli\u00e7i padit Evi Kokalarin dhe i k\u00ebrkon 10 milion\u00eb lek\u00eb: E ka b\u00ebr\u00eb balt\u00eb! Parat\u00eb do i shpenzoj kok\u00ebrr m\u00eb kok\u00ebrr (DOKUMENTI)"},"content":{"rendered":"<p>Deputeti demokrat Belind K\u00eblli\u00e7i njofton se sot ka paditur p\u00ebr shpifje aktivisten Evi Kokalari, pas sulmeve publike q\u00eb kjo e fundit ka nd\u00ebrmarr\u00eb ndaj tij. K\u00eblli\u00e7i publikon padin\u00eb dhe b\u00ebn me dije se ka k\u00ebrkuar dhe shp\u00ebrblim monetar nga aktivistja q\u00eb i q\u00ebndroi n\u00eb krah Sali Berish\u00ebs gjat\u00eb Foltoreve.<\/p>\n<p>\u201cPrej shum\u00eb dit\u00ebsh, publikisht, jam sulmuar nga Zj. Evis Kokalari, me gjuh\u00eb m\u00eb lin\u00e7uese se ajo e kund\u00ebrshtar\u00ebve tan\u00eb politik\u00eb\u201d, shkruan deputeti i PD-s\u00eb s\u00eb rithemeluar nga Sali Berisha, duke vijuar \u201cShi me balt\u00eb nuk ka! Ka shi q\u00eb dheun e b\u00ebn balt\u00eb, dhe Zj. Kokalari e ka b\u00ebr\u00eb balt\u00eb ndaj personit tim dhe FRPD q\u00eb un\u00eb drejtoj, duke e cil\u00ebsuar \u201cklan\u201d brenda PD.\u201d<br \/>\nPolitikani i djatht\u00eb shkruan se tashm\u00eb Evi Kokalari ka barr\u00ebn t\u00eb faktoj\u00eb n\u00eb gjykat\u00eb \u00e7do t\u00eb th\u00ebn\u00eb t\u00eb saj kundrejt Belind K\u00eblli\u00e7it dhe FRPD. \u201cParat\u00eb e d\u00ebmshp\u00ebrblimit do t\u2019i shpenzoj kok\u00ebrr m\u00eb kok\u00ebrr si donacion p\u00ebr t\u00eb rinjt\u00eb e FRPD\u201d, shkruan ai.<\/p>\n<p>\u201cDetyrimi i t\u00eb paditur\u00ebs p\u00ebr t\u00eb shp\u00ebrblyer padit\u00ebsin Belind K\u00eblli\u00e7i p\u00ebr d\u00ebmin jo pasuror n\u00eb mas\u00ebn 1,000,000 Lek\u00eb (nj\u00eb milion lek\u00eb) p\u00ebr shpifjet dhe fyerjet e publikuara n\u00eb rrjetin social Facebook si dhe n\u00eb mesazhet telefonike t\u00eb shp\u00ebrndara\u201d, thuhet n\u00eb dokumentin e shp\u00ebrndar\u00eb nga vet\u00eb K\u00eblli\u00e7i.<\/p>\n<p>Reagimi i plot\u00eb dhe padia e Belind K\u00eblli\u00e7it, p\u00ebr Evi Kokalarin:<\/p>\n<p>Prej shum\u00eb dit\u00ebsh, publikisht, jam sulmuar nga Zj. Evis Kokalari, me gjuh\u00eb m\u00eb lin\u00e7uese se ajo e kund\u00ebrshtar\u00ebve tan\u00eb politik\u00eb. Jan\u00eb hedhur drejt meje akuza t\u00eb shumta nga m\u00eb absurdet, t\u00eb cilat q\u00ebndrojn\u00eb n\u00eb goj\u00ebn e Zj. Kokalari dhe n\u00eb faqen e saj n\u00eb rrjetin social Facebook.<\/p>\n<p>Duke njohur s\u00eb brendshmi situat\u00ebn politike n\u00eb Partin\u00eb Demokratike dhe rrug\u00ebtimin ton\u00eb t\u00eb v\u00ebshtir\u00eb p\u00ebr t\u00eb dal\u00eb nga p\u00ebrplasjet e muajve t\u00eb fundit, kam q\u00ebndruar i heshtur p\u00ebr t\u2019i dh\u00ebn\u00eb hap\u00ebsir\u00ebn Zj. Kokalari t\u2019i jap\u00eb z\u00eb t\u00eb gjith\u00eb mllefit, xhelozis\u00eb dhe urrejtjes p\u00ebr t\u00eb rinjt\u00eb n\u00eb Partin\u00eb Demokratike.<\/p>\n<p>Ky sulm nuk \u00ebsht\u00eb i beft\u00eb. Gatitej q\u00eb nga koha kur n\u00eb Foltoret e nismuara nga Doktor Berisha, p\u00ebrpos Zj. Kokalari, u pozicionuan t\u00eb rinjt\u00eb e FRPD; mes tyre edhe un\u00eb.<\/p>\n<p>Kam zgjedhur t\u00eb mos i p\u00ebrgjigjem me \u201cdazibao\u201d akuzave dhe me komente Facebooku, prandaj sot, n\u00eb gjykat\u00ebn e Rrethit Gjyq\u00ebsor Tiran\u00eb, kam depozituar nj\u00eb padi kund\u00ebr personit n\u00eb fjal\u00eb, p\u00ebr shpifjet, fyerjet dhe mesazhet telefonike t\u00eb shp\u00ebndara prej saj.<\/p>\n<p>Shi me balt\u00eb nuk ka! Ka shi q\u00eb dheun e b\u00ebn balt\u00eb, dhe Zj. Kokalari e ka b\u00ebr\u00eb balt\u00eb ndaj personit tim dhe FRPD q\u00eb un\u00eb drejtoj, duke e cil\u00ebsuar \u201cklan\u201d brenda PD.<\/p>\n<p>Maloren e politik\u00ebs, un\u00eb Belind K\u00eblli\u00e7i, e kam ngjitur s\u00ebbashku me t\u00eb rinjt\u00eb e FRPD, n\u00eb shum\u00eb fushata der\u00eb m\u00eb der\u00eb, qindra e qindra protesta kund\u00ebr qeveris\u00eb, dhe do t\u00eb vazhdoj me ta krah p\u00ebr krahu si dit\u00ebn e par\u00eb.<\/p>\n<p>K\u00ebto akuza nuk m\u00eb japin aspak dhimbjen e dhun\u00ebs s\u00eb ushtruar ndaj nesh komisariateve t\u00eb policis\u00eb e nuk jan\u00eb gas lotsjell\u00ebs q\u00eb t\u00eb lotoj prej tyre, mir\u00ebpo i kam p\u00ebrjetuar t\u00eb gjitha me jo pak m\u00ebrzi, por gjithnj\u00eb brenda pritshm\u00ebrive politike.<\/p>\n<p>Zj. Kokalari iu desh koh\u00eb p\u00ebr t\u00eb m\u00eb goditur me disa prej akuzave dhe shpifjeve t\u00eb p\u00ebrdorura nga socialist\u00ebt kundrejt meje. Nuk \u00ebsht\u00eb rast\u00ebsi q\u00eb k\u00ebto etiketime jan\u00eb hedhur n\u00eb qarkullim fillimisht nga Erion Veliaj p\u00ebrpara dhe gjat\u00eb fushat\u00ebs elektorale p\u00ebr zgjedhjet e 25 prillit. Kryebashkiakun un\u00eb e luftoj politikisht para dhe pas Foltores, nd\u00ebrkoh\u00eb q\u00eb akuzuesja ime i \u00ebsht\u00eb publikisht mir\u00ebnjoh\u00ebse p\u00ebr gadishm\u00ebrin\u00eb ndaj fondacionit t\u00eb saj!<\/p>\n<p>Zj. Kokalari k\u00ebrkon t\u00eb jet\u00eb etaloni i konservatorizmit n\u00eb Partin\u00eb Demokratike. Kjo \u00ebsht\u00eb e drejta e saj.<\/p>\n<p>Un\u00eb k\u00ebrkoj nj\u00eb Parti Demokratike p\u00ebr t\u00eb gjith\u00eb, ku an\u00ebtar\u00ebt t\u00eb shprehen lirsh\u00ebm, pa u druajtur se do t\u00eb kalojn\u00eb n\u00eb sit\u00ebn e zonj\u00ebs. Po k\u00ebto jan\u00eb opinione politike, t\u00eb cilat ne mund t\u2019i zgjidhim pa p\u00ebrdorur gjuh\u00ebn e urrejtjes ndaj mendimit ndryshe dhe pa nd\u00ebrmarr\u00eb fushata lin\u00e7uese ndaj nj\u00ebri-tjetrit, sepse demokrat\u00ebt jan\u00eb lodhur nga sherrnaja.<\/p>\n<p>Tashm\u00eb Zj. Kokalari ka barr\u00ebn t\u00eb faktoj\u00eb n\u00eb gjykat\u00eb \u00e7do t\u00eb th\u00ebn\u00eb t\u00eb saj kundrejt Belind K\u00eblli\u00e7it dhe FRPD. Bujrum t\u00eb vij\u00eb dhe t\u00eb faktoj\u00eb qoft\u00eb dhe nj\u00eb akuz\u00eb t\u00eb vetme!<\/p>\n<p>P\u00ebr t\u00eb gjitha akuzat, fyerjet, mesazhet telefonike dhe nxitjen p\u00ebr fyerje dhe lin\u00e7im ndaj meje dhe FRPD, n\u00eb vigjilje t\u00eb Dit\u00ebs Bot\u00ebrore Kund\u00ebr Gjuh\u00ebs s\u00eb Urrejtjes, sot e padita Zj. Kokalari dhe i k\u00ebrkova gjykat\u00ebs d\u00ebmshp\u00ebrblim.<\/p>\n<p>Parat\u00eb e d\u00ebmshp\u00ebrblimit do t\u2019i shpenzoj kok\u00ebrr m\u00eb kok\u00ebrr si donacion p\u00ebr t\u00eb rinjt\u00eb e FRPD, n\u00ebp\u00ebrmjet nj\u00eb moduli trajnues dhe edukues p\u00ebr gjuh\u00ebn e urrejtjes, fake news dhe lin\u00e7imin publik.<\/p>\n<p>Rrjetet e mia sociale jan\u00eb t\u00eb hapura p\u00ebr komunikim me cilindo prej jush. Un\u00eb nuk i limitoj komentet n\u00eb faqen time n\u00eb Facebook. Uroj q\u00eb kjo t\u00eb mos shihet si shum\u00eb liberale!<\/p>\n<p>Un\u00eb do t\u2019i p\u00ebrmbahem gjithnj\u00eb etik\u00ebs s\u00eb komunikimit dhe nuk do t\u00eb diskutoj p\u00ebr munges\u00ebn e koherenc\u00ebs s\u00eb askujt, pavar\u00ebsisht se Zj. Kokalari mund t\u00eb tentoj\u00eb t\u00eb p\u00ebrdor\u00eb n\u00eb gjykat\u00eb luhatjet e saj t\u00eb shpeshta publike p\u00ebr t\u00eb mohuar t\u00eb pamohueshmen e shkruar.<\/p>\n<p>Faleminderit t\u00eb gjith\u00ebve p\u00ebr durimin dhe mb\u00ebshtetjen e pakursyer tashm\u00eb prej vitesh ndaj meje!<\/p>\n<p>Gjithmon\u00eb mir\u00ebnjoh\u00ebs ndaj t\u00eb rinjve t\u00eb FRPD dhe Partis\u00eb Demokratike<\/p>\n","protected":false},"excerpt":{"rendered":"<p>Deputeti demokrat Belind K\u00eblli\u00e7i njofton se sot ka paditur p\u00ebr shpifje aktivisten Evi Kokalari, pas sulmeve publike q\u00eb kjo e fundit ka nd\u00ebrmarr\u00eb ndaj tij. K\u00eblli\u00e7i publikon padin\u00eb dhe b\u00ebn me dije se ka k\u00ebrkuar dhe shp\u00ebrblim monetar nga aktivistja q\u00eb i q\u00ebndroi n\u00eb krah Sali Berish\u00ebs gjat\u00eb Foltoreve. \u201cPrej shum\u00eb dit\u00ebsh, publikisht, jam sulmuar [&hellip;]<\/p>\n","protected":false},"author":2031,"featured_media":264995,"comment_status":"closed","ping_status":"closed","sticky":false,"template":"","format":"standard","meta":{"footnotes":""},"categories":[241,231,1454,235],"tags":[],"class_list":{"0":"post-264994","1":"post","2":"type-post","3":"status-publish","4":"format-standard","5":"has-post-thumbnail","7":"category-aktualitet","8":"category-lajme","9":"category-politike","10":"category-vendi"},"_links":{"self":[{"href":"https:\/\/zjarr.tv\/sq\/wp-json\/wp\/v2\/posts\/264994","targetHints":{"allow":["GET"]}}],"collection":[{"href":"https:\/\/zjarr.tv\/sq\/wp-json\/wp\/v2\/posts"}],"about":[{"href":"https:\/\/zjarr.tv\/sq\/wp-json\/wp\/v2\/types\/post"}],"author":[{"embeddable":true,"href":"https:\/\/zjarr.tv\/sq\/wp-json\/wp\/v2\/users\/2031"}],"replies":[{"embeddable":true,"href":"https:\/\/zjarr.tv\/sq\/wp-json\/wp\/v2\/comments?post=264994"}],"version-history":[{"count":0,"href":"https:\/\/zjarr.tv\/sq\/wp-json\/wp\/v2\/posts\/264994\/revisions"}],"wp:featuredmedia":[{"embeddable":true,"href":"https:\/\/zjarr.tv\/sq\/wp-json\/wp\/v2\/media\/264995"}],"wp:attachment":[{"href":"https:\/\/zjarr.tv\/sq\/wp-json\/wp\/v2\/media?parent=264994"}],"wp:term":[{"taxonomy":"category","embeddable":true,"href":"https:\/\/zjarr.tv\/sq\/wp-json\/wp\/v2\/categories?post=264994"},{"taxonomy":"post_tag","embeddable":true,"href":"https:\/\/zjarr.tv\/sq\/wp-json\/wp\/v2\/tags?post=264994"}],"curies":[{"name":"wp","href":"https:\/\/api.w.org\/{rel}","templated":true}]}}