{"id":265012,"date":"2022-06-17T19:01:00","date_gmt":"2022-06-17T17:01:00","guid":{"rendered":"https:\/\/zjarr.tv\/?p=265012"},"modified":"2022-06-17T19:01:00","modified_gmt":"2022-06-17T17:01:00","slug":"abrija-dhe-manja-i-vendosin-spaletat-drejtorit-te-ri-te-policise-se-burgjeve","status":"publish","type":"post","link":"https:\/\/zjarr.tv\/sq\/abrija-dhe-manja-i-vendosin-spaletat-drejtorit-te-ri-te-policise-se-burgjeve\/","title":{"rendered":"Abrija dhe Manja i vendosin spaletat drejtorit t\u00eb ri t\u00eb Policis\u00eb s\u00eb Burgjeve"},"content":{"rendered":"<p>Paulin Rajta, mbajt\u00ebs i grad\u00ebs Drejtues i Lart\u00eb i Policis\u00eb s\u00eb Shtetit, \u00ebsht\u00eb em\u00ebruar sot kreu i Policis\u00eb s\u00eb Burgjeve. Ai ka nj\u00eb eksperienc\u00eb t\u00eb gjat\u00eb n\u00eb Polici dhe n\u00eb detyra t\u00eb tjera t\u00eb r\u00ebnd\u00ebsishme, si drejtues n\u00eb disa qarqe t\u00eb vendit.<\/p>\n<p>Sot, me propozim t\u00eb drejtorit t\u00eb P\u00ebrgjithsh\u00ebm t\u00eb Burgjeve, Admir Abrija, ministri Ulsi Manja e ka em\u00ebruar Paulin Rajt\u00ebn n\u00eb postin e drejtorit t\u00eb Policis\u00eb s\u00eb Burgjeve. Si\u00e7 shihet dhe nga fotot, Abrija dhe Manja ja kan\u00eb vendosur vet\u00eb spaletat mbi supe drejtuesit t\u00eb ri q\u00eb do menaxhoj\u00eb sigurin\u00eb n\u00eb IEVP-t e vendit.<br \/>\nNjfotimi i Ministris\u00eb s\u00eb Drejt\u00ebsis\u00eb, p\u00ebr Paulin Rajt\u00ebn:<\/p>\n<p>Ministri i Drejt\u00ebsis\u00eb z.Ulsi Manja, pas propozimit t\u00eb Drejtorit t\u00eb P\u00ebrgjithsh\u00ebm t\u00eb Burgjeve z.Admir Abrija, ka em\u00ebruar sot n\u00eb krye t\u00eb Policis\u00eb s\u00eb Burgjeve z. Paulin Rajta. Drejtues i Lart\u00eb, me nj\u00eb eksperienc\u00eb t\u00eb gjat\u00eb n\u00eb Policin\u00eb e Shtetit dhe n\u00eb detyra t\u00eb tjera t\u00eb r\u00ebnd\u00ebsishme z.Rajta ka kryer studimet e larta n\u00eb Akademin\u00eb e Policis\u00eb dhe n\u00eb Drejt\u00ebsi, si dhe ka nj\u00eb s\u00ebr\u00eb trajnimesh profesionale n\u00eb fusha t\u00eb ndryshme, q\u00eb nga lufta kund\u00ebr terrorizmit deri n\u00eb marr\u00ebdh\u00ebniet me publikun.<\/p>\n<p>Ka qen\u00eb drejtues n\u00eb Drejtorin\u00eb e P\u00ebrgjithshme t\u00eb Policis\u00eb s\u00eb Shtetit, po ashtu n\u00eb qarqet Shkod\u00ebr, Dib\u00ebr, Berat, Vlor\u00eb etj. Ka kryer detyra t\u00eb r\u00ebnd\u00ebsishme n\u00eb Administrat\u00ebn Publike.<\/p>\n<p>S\u00eb fundmi z. Rajta kryente detyr\u00ebn e Drejtorit t\u00eb IEVP \u201cJordan Misja\u201d Tiran\u00eb. N\u00eb t\u00eb gjitha detyrat e ngarkuara, z.Rajta ka treguar profesionaliz\u00ebm, p\u00ebrkushtim dhe korrekt\u00ebsi n\u00eb zbatimin e ligjit, luft\u00ebn ndaj krimit dhe sh\u00ebrbimin ndaj qytetar\u00ebve.<\/p>\n","protected":false},"excerpt":{"rendered":"<p>Paulin Rajta, mbajt\u00ebs i grad\u00ebs Drejtues i Lart\u00eb i Policis\u00eb s\u00eb Shtetit, \u00ebsht\u00eb em\u00ebruar sot kreu i Policis\u00eb s\u00eb Burgjeve. Ai ka nj\u00eb eksperienc\u00eb t\u00eb gjat\u00eb n\u00eb Polici dhe n\u00eb detyra t\u00eb tjera t\u00eb r\u00ebnd\u00ebsishme, si drejtues n\u00eb disa qarqe t\u00eb vendit. Sot, me propozim t\u00eb drejtorit t\u00eb P\u00ebrgjithsh\u00ebm t\u00eb Burgjeve, Admir Abrija, ministri Ulsi [&hellip;]<\/p>\n","protected":false},"author":2031,"featured_media":265013,"comment_status":"closed","ping_status":"closed","sticky":false,"template":"","format":"standard","meta":{"footnotes":""},"categories":[241,231,235],"tags":[],"class_list":{"0":"post-265012","1":"post","2":"type-post","3":"status-publish","4":"format-standard","5":"has-post-thumbnail","7":"category-aktualitet","8":"category-lajme","9":"category-vendi"},"_links":{"self":[{"href":"https:\/\/zjarr.tv\/sq\/wp-json\/wp\/v2\/posts\/265012","targetHints":{"allow":["GET"]}}],"collection":[{"href":"https:\/\/zjarr.tv\/sq\/wp-json\/wp\/v2\/posts"}],"about":[{"href":"https:\/\/zjarr.tv\/sq\/wp-json\/wp\/v2\/types\/post"}],"author":[{"embeddable":true,"href":"https:\/\/zjarr.tv\/sq\/wp-json\/wp\/v2\/users\/2031"}],"replies":[{"embeddable":true,"href":"https:\/\/zjarr.tv\/sq\/wp-json\/wp\/v2\/comments?post=265012"}],"version-history":[{"count":0,"href":"https:\/\/zjarr.tv\/sq\/wp-json\/wp\/v2\/posts\/265012\/revisions"}],"wp:featuredmedia":[{"embeddable":true,"href":"https:\/\/zjarr.tv\/sq\/wp-json\/wp\/v2\/media\/265013"}],"wp:attachment":[{"href":"https:\/\/zjarr.tv\/sq\/wp-json\/wp\/v2\/media?parent=265012"}],"wp:term":[{"taxonomy":"category","embeddable":true,"href":"https:\/\/zjarr.tv\/sq\/wp-json\/wp\/v2\/categories?post=265012"},{"taxonomy":"post_tag","embeddable":true,"href":"https:\/\/zjarr.tv\/sq\/wp-json\/wp\/v2\/tags?post=265012"}],"curies":[{"name":"wp","href":"https:\/\/api.w.org\/{rel}","templated":true}]}}