{"id":265020,"date":"2022-06-17T19:24:10","date_gmt":"2022-06-17T17:24:10","guid":{"rendered":"https:\/\/zjarr.tv\/?p=265020"},"modified":"2022-06-17T19:24:10","modified_gmt":"2022-06-17T17:24:10","slug":"alibeaj-thirrje-ministrit-bledi-cuci-dil-dhe-sqaro-publikun-per-arrestimin-e-djalit-ne-itali","status":"publish","type":"post","link":"https:\/\/zjarr.tv\/sq\/alibeaj-thirrje-ministrit-bledi-cuci-dil-dhe-sqaro-publikun-per-arrestimin-e-djalit-ne-itali\/","title":{"rendered":"Alibeaj thirrje ministrit Bledi \u00c7u\u00e7i: Dil dhe sqaro publikun p\u00ebr arrestimin e djalit n\u00eb Itali!"},"content":{"rendered":"<p>Kreu i Grupit Parlamentar t\u00eb PD, Enkeljd Alibeaj, ka reaguar p\u00ebr lajmin e arrestimit t\u00eb djalit t\u00eb ministrit t\u00eb Brendsh\u00ebm, Bledi \u00c7u\u00e7i.<\/p>\n<p>P\u00ebrmes nj\u00eb postimi n\u00eb Twitter, ai k\u00ebrkon nj\u00eb sqarim p\u00ebr k\u00ebt\u00eb nga ministri \u00c7u\u00e7i, duke th\u00ebn\u00eb se transparenca p\u00ebr publikun, \u00ebsht\u00eb thelbsore p\u00ebr\u00a0 funksionin e Ministrit t\u00eb Brendsh\u00ebm.<\/p>\n<p>\u201cLajmi i publikuar p\u00ebr procedimin penal nga nj\u00eb gjykat\u00eb italiane p\u00ebr djalin e ministrit Bledi Cuci k\u00ebrkon sqarimin e menj\u00ebhersh\u00ebm prej Ministrit t\u00eb Brendsh\u00ebm lidhur me p\u00ebrfshirjen e familjar\u00ebve t\u00eb tij n\u00eb nj\u00eb rrjet trafiku medikamentesh mjek\u00ebsore.<\/p>\n<p>\u00cbsht\u00eb thelb\u00ebsore p\u00ebr funksionin e Ministrit t\u00eb Brendsh\u00ebm transparenca p\u00ebr publikun, p\u00ebr t\u00eb sqaruar n\u00ebse ajo q\u00eb ka ndodhur pajtohet me funksionin e lart\u00eb publik t\u00eb Ministrit p\u00ebrgjegj\u00ebs p\u00ebr ruajtjen e rendit dhe siguris\u00eb nga kriminaliteti!\u201d, shkruan Alibeaj.<\/p>\n","protected":false},"excerpt":{"rendered":"<p>Kreu i Grupit Parlamentar t\u00eb PD, Enkeljd Alibeaj, ka reaguar p\u00ebr lajmin e arrestimit t\u00eb djalit t\u00eb ministrit t\u00eb Brendsh\u00ebm, Bledi \u00c7u\u00e7i. P\u00ebrmes nj\u00eb postimi n\u00eb Twitter, ai k\u00ebrkon nj\u00eb sqarim p\u00ebr k\u00ebt\u00eb nga ministri \u00c7u\u00e7i, duke th\u00ebn\u00eb se transparenca p\u00ebr publikun, \u00ebsht\u00eb thelbsore p\u00ebr\u00a0 funksionin e Ministrit t\u00eb Brendsh\u00ebm. \u201cLajmi i publikuar p\u00ebr procedimin [&hellip;]<\/p>\n","protected":false},"author":2030,"featured_media":265021,"comment_status":"closed","ping_status":"closed","sticky":false,"template":"","format":"standard","meta":{"footnotes":""},"categories":[241,3366,5380,231,1454],"tags":[],"class_list":{"0":"post-265020","1":"post","2":"type-post","3":"status-publish","4":"format-standard","5":"has-post-thumbnail","7":"category-aktualitet","8":"category-koment","9":"category-kryesore","10":"category-lajme","11":"category-politike"},"_links":{"self":[{"href":"https:\/\/zjarr.tv\/sq\/wp-json\/wp\/v2\/posts\/265020","targetHints":{"allow":["GET"]}}],"collection":[{"href":"https:\/\/zjarr.tv\/sq\/wp-json\/wp\/v2\/posts"}],"about":[{"href":"https:\/\/zjarr.tv\/sq\/wp-json\/wp\/v2\/types\/post"}],"author":[{"embeddable":true,"href":"https:\/\/zjarr.tv\/sq\/wp-json\/wp\/v2\/users\/2030"}],"replies":[{"embeddable":true,"href":"https:\/\/zjarr.tv\/sq\/wp-json\/wp\/v2\/comments?post=265020"}],"version-history":[{"count":0,"href":"https:\/\/zjarr.tv\/sq\/wp-json\/wp\/v2\/posts\/265020\/revisions"}],"wp:featuredmedia":[{"embeddable":true,"href":"https:\/\/zjarr.tv\/sq\/wp-json\/wp\/v2\/media\/265021"}],"wp:attachment":[{"href":"https:\/\/zjarr.tv\/sq\/wp-json\/wp\/v2\/media?parent=265020"}],"wp:term":[{"taxonomy":"category","embeddable":true,"href":"https:\/\/zjarr.tv\/sq\/wp-json\/wp\/v2\/categories?post=265020"},{"taxonomy":"post_tag","embeddable":true,"href":"https:\/\/zjarr.tv\/sq\/wp-json\/wp\/v2\/tags?post=265020"}],"curies":[{"name":"wp","href":"https:\/\/api.w.org\/{rel}","templated":true}]}}