{"id":265056,"date":"2022-06-18T10:00:27","date_gmt":"2022-06-18T08:00:27","guid":{"rendered":"https:\/\/zjarr.tv\/?p=265056"},"modified":"2022-06-18T10:00:27","modified_gmt":"2022-06-18T08:00:27","slug":"avokati-i-popullit-harta-e-re-gjyqesore-eshte-per-te-vene-ne-shina-sistemin-nuk-ka-gjyqtare-su-mendua-qe-vettingu-do-ishte-kaq-i-thelle","status":"publish","type":"post","link":"https:\/\/zjarr.tv\/sq\/avokati-i-popullit-harta-e-re-gjyqesore-eshte-per-te-vene-ne-shina-sistemin-nuk-ka-gjyqtare-su-mendua-qe-vettingu-do-ishte-kaq-i-thelle\/","title":{"rendered":"Avokati i Popullit: Harta e re gjyq\u00ebsore \u00ebsht\u00eb p\u00ebr t\u00eb v\u00ebn\u00eb n\u00eb shina sistemin! Nuk ka gjyqtar\u00eb, s\u2019u mendua q\u00eb vettingu do ishte kaq i thell\u00eb"},"content":{"rendered":"<p>Erinda Ballanca, Avokate e Popullit, thot\u00eb se harta e re gjyq\u00ebsore ka nj\u00eb s\u00ebr\u00eb problematikash, nga kufizimi i aksesit tek ulja e besimit t\u00eb qytetar\u00ebve te drejt\u00ebsia. Sipas saj, kjo \u00ebsht\u00eb nj\u00eb l\u00ebvizje e detyruar nga mungesa e kapaciteteve njer\u00ebzore p\u00ebr shkak t\u00eb vettingut. <\/p>\n<p>Ballanca tha se studimi paraprak \u00ebsht\u00eb b\u00ebr\u00eb dhe i \u00ebsht\u00eb d\u00ebrguar Ministris\u00eb s\u00eb Drejt\u00ebsis\u00eb, n\u00eb form\u00eb rekomandimi. Edhe avokat\u00ebt n\u00eb gjith\u00eb vendin kan\u00eb protestuar p\u00ebr 4 dit\u00eb me radh\u00eb, p\u00ebr hart\u00ebn e re gjyq\u00ebsore, duke mos marr\u00eb pjes\u00eb n\u00eb gjyqe. <\/p>\n<p>\u201cNuk ka diskutim q\u00eb aksesi i qytetar\u00ebve te drejt\u00ebsia kufizohet p\u00ebrmes hart\u00ebs s\u00eb re gjyq\u00ebsore. E kemi b\u00ebr\u00eb studim dhe kemi b\u00ebr\u00eb nj\u00eb rekomandim q\u00eb ua kemi d\u00ebrguar edhe ministris\u00eb s\u00eb drejt\u00ebsis\u00eb. \u00cbsht\u00eb l\u00ebvizje e detyruar p\u00ebr ta v\u00ebn\u00eb sistemin n\u00eb shina, sesa nj\u00eb hart\u00eb gjyq\u00ebsore, se shkaku kryesor pse po b\u00ebhet \u00ebsht\u00eb numri i vog\u00ebl i gjyqtar\u00ebve q\u00eb ne nuk kemi si ta adresojm\u00eb ndryshe. Kjo p\u00ebr shkak t\u00eb mosparashikimit t\u00eb atyre q\u00eb b\u00ebn\u00eb ligjin, q\u00eb reforma do t\u00eb ishte kaq e thell\u00eb me largimin e shum\u00eb gjyqtar\u00ebve nga sistemi\u2026\u201d, ka th\u00ebn\u00eb Ballanca n\u00eb A2. <\/p>\n<p>P\u00ebr Avokatin e Popullit, problemi i hart\u00ebs s\u00eb re gjyq\u00ebsore nuk \u00ebsht\u00eb kostoja e qytetar\u00ebve, por ulja e besimit te drejt\u00ebsia dhe cil\u00ebsia e gjykimit. Ballanca thekson se i ka adresuar KLGJ-s\u00eb disa rekomandime, pasi nuk ka marr\u00eb parasysh element\u00ebt thelb\u00ebsore n\u00eb hartimin e saj, q\u00eb nga modeli i referenc\u00ebs. <\/p>\n<p>\u201cProblemi kryesor nuk \u00ebsht\u00eb kostoja se \u00ebsht\u00eb i zgjidhsh\u00ebm, por besimi q\u00eb do ken\u00eb qytetar\u00ebt te drejt\u00ebsia dhe cil\u00ebsia e procesit gjyq\u00ebsor. Nj\u00eb zgjidhje m\u00eb mir\u00eb do t\u00eb ishte q\u00eb t\u00eb l\u00ebviznin gjyqtar\u00ebt dhe ta ndjenin qytetar\u00ebt drejt\u00ebsin\u00eb. <\/p>\n<p>N\u00ebse ne do t\u00eb vazhdojm\u00eb t\u00eb mos e realizojm\u00eb k\u00ebt\u00eb nuk kemi arritur asgj\u00eb. Ne do vazhdojm\u00eb t\u00eb kemi r\u00ebnie t\u00eb besimit t\u00eb qytetar\u00ebve te drejt\u00ebsi sistemi i drejt\u00ebsis\u00eb \u00ebsht\u00eb biznes i shtrenjt\u00eb q\u00eb k\u00ebrkon para\u201d, \u00ebsht\u00eb shprehur ajo.<\/p>\n","protected":false},"excerpt":{"rendered":"<p>Erinda Ballanca, Avokate e Popullit, thot\u00eb se harta e re gjyq\u00ebsore ka nj\u00eb s\u00ebr\u00eb problematikash, nga kufizimi i aksesit tek ulja e besimit t\u00eb qytetar\u00ebve te drejt\u00ebsia. Sipas saj, kjo \u00ebsht\u00eb nj\u00eb l\u00ebvizje e detyruar nga mungesa e kapaciteteve njer\u00ebzore p\u00ebr shkak t\u00eb vettingut. Ballanca tha se studimi paraprak \u00ebsht\u00eb b\u00ebr\u00eb dhe i \u00ebsht\u00eb d\u00ebrguar [&hellip;]<\/p>\n","protected":false},"author":2031,"featured_media":265057,"comment_status":"closed","ping_status":"closed","sticky":false,"template":"","format":"standard","meta":{"footnotes":""},"categories":[241,231,235],"tags":[],"class_list":{"0":"post-265056","1":"post","2":"type-post","3":"status-publish","4":"format-standard","5":"has-post-thumbnail","7":"category-aktualitet","8":"category-lajme","9":"category-vendi"},"_links":{"self":[{"href":"https:\/\/zjarr.tv\/sq\/wp-json\/wp\/v2\/posts\/265056","targetHints":{"allow":["GET"]}}],"collection":[{"href":"https:\/\/zjarr.tv\/sq\/wp-json\/wp\/v2\/posts"}],"about":[{"href":"https:\/\/zjarr.tv\/sq\/wp-json\/wp\/v2\/types\/post"}],"author":[{"embeddable":true,"href":"https:\/\/zjarr.tv\/sq\/wp-json\/wp\/v2\/users\/2031"}],"replies":[{"embeddable":true,"href":"https:\/\/zjarr.tv\/sq\/wp-json\/wp\/v2\/comments?post=265056"}],"version-history":[{"count":0,"href":"https:\/\/zjarr.tv\/sq\/wp-json\/wp\/v2\/posts\/265056\/revisions"}],"wp:featuredmedia":[{"embeddable":true,"href":"https:\/\/zjarr.tv\/sq\/wp-json\/wp\/v2\/media\/265057"}],"wp:attachment":[{"href":"https:\/\/zjarr.tv\/sq\/wp-json\/wp\/v2\/media?parent=265056"}],"wp:term":[{"taxonomy":"category","embeddable":true,"href":"https:\/\/zjarr.tv\/sq\/wp-json\/wp\/v2\/categories?post=265056"},{"taxonomy":"post_tag","embeddable":true,"href":"https:\/\/zjarr.tv\/sq\/wp-json\/wp\/v2\/tags?post=265056"}],"curies":[{"name":"wp","href":"https:\/\/api.w.org\/{rel}","templated":true}]}}