{"id":265069,"date":"2022-06-18T11:20:39","date_gmt":"2022-06-18T09:20:39","guid":{"rendered":"https:\/\/zjarr.tv\/?p=265069"},"modified":"2022-06-18T11:21:06","modified_gmt":"2022-06-18T09:21:06","slug":"265069-2","status":"publish","type":"post","link":"https:\/\/zjarr.tv\/sq\/265069-2\/","title":{"rendered":"Lajmi i mir\u00eb i Artan Lames p\u00ebr banor\u00ebt e fshatrave t\u00eb Tiran\u00ebs: Kemi regjistruar t\u00eb gjitha AMTP e ligjshme! Rrini t\u00eb qet\u00eb, s\u2019ka m\u00eb mbivendosje pronash"},"content":{"rendered":"<p>Kreu i Kadastr\u00ebs Shqiptare, Artan Lame ka dal\u00eb sot n\u00eb nj\u00eb konferenc\u00eb p\u00ebr mediat ku ka folur p\u00ebr p\u00ebrmbylljen e procesit t\u00eb regjistrimit t\u00eb t\u00eb gjitha pasurive p\u00ebr banor\u00ebt e fshatrave t\u00eb Tiran\u00ebs. Ai ka dh\u00ebn\u00eb dhe nj\u00eb lajm t\u00eb mir\u00eb p\u00ebr ta, q\u00eb t\u00eb rrin\u00eb t\u00eb qet\u00eb pasi nuk do ket\u00eb m\u00eb mbivendosje pronash. <\/p>\n<p>\u201cKjo \u00ebsht\u00eb lista me AMTP e v\u00ebrteta, q\u00eb ja kemi \u00e7uar \u00e7do zyre, ndaj dhe qytetar\u00ebt tashm\u00eb duhet t\u00eb rrin\u00eb t\u00eb qet\u00eb, sepse nuk ndodh m\u00eb q\u00eb t\u00eb zgjohen me dik\u00eb, q\u00eb ju \u00ebsht\u00eb mbiv\u00ebn\u00eb. Madje, mund t\u00eb zgjohen me zbulimin se \u00e7far\u00eb i kan\u00eb b\u00ebr\u00eb me pron\u00ebn e tij. Mbivendosja e pronave, e shkaktuar n\u00eb k\u00ebt\u00eb l\u00ebmsh, zgjidhet ose me ligjin e ri, ose me gjykat\u00eb.<\/p>\n<p>P\u00ebr fat t\u00eb keq, shum\u00eb qytetar\u00eb do jen\u00eb t\u00eb detyruar t\u2019i drejtohen gjykat\u00ebs, p\u00ebr shkak t\u00eb mbivendosjes. Nuk duhet t\u00eb harrojm\u00eb q\u00eb Kadastra tashm\u00eb \u00ebsht\u00eb nj\u00eb mulli i rinovuar, por q\u00eb p\u00ebr fat t\u00eb keq bluan grur\u00eb t\u00eb vjet\u00ebr, sepse i till\u00eb \u00ebsht\u00eb materiali. Tani po mbjellim grur\u00eb t\u00eb ri, q\u00eb \u00ebsht\u00eb digjitalizimi\u201d,\u00a0u shpreh Lame. <\/p>\n<p>M\u00eb tej, kreu i Kadastr\u00ebs ka th\u00ebn\u00eb se t\u00eb gjitha AMTP e ligjshme jan\u00eb regjistruar dhe institucioni q\u00eb ai drejton ka skanuar e fotokopjuar formular\u00ebt p\u00ebrkat\u00ebs. Sipas Lames, nuk ekziston rreziku i zhdukjes s\u00eb kufijve fizik\u00eb pasi askush nuk mund t\u00eb prodhoj\u00eb m\u00eb AMTP t\u00eb tjera. <\/p>\n<p>\u201cAktualisht kemi nj\u00eb korpus t\u00eb qart\u00eb t\u00eb t\u00eb gjitha AMTP-ve t\u00eb ligjshme t\u00eb l\u00ebshuara nd\u00ebr vite. Ky sakt\u00ebsim i sh\u00ebrben shmangies s\u00eb abuzimeve t\u00eb b\u00ebra n\u00eb dekada. Pasi konkluduam nga ana e ASHK-s\u00eb u krye fotokopjimi dhe skanimi i t\u00eb gjith\u00eb formular\u00ebve. Ky proces u krye p\u00ebr t\u00eb gjith\u00eb fshatrat e qarkut Tiran\u00eb. <\/p>\n<p>Deri m\u00eb sot e regjistruar gjysma e pasurive. <\/p>\n<p>Nuk ekziston rreziku i zhdukjes s\u00eb kufijve fizik\u00eb. Nga ky moment, ky rrezik nuk ekziston m\u00eb, pasi askush nuk mund t\u00eb prodhoj\u00eb m\u00eb AMTP te Rruga e Kavaj\u00ebs, e din\u00eb t\u00eb gjith\u00eb historin\u00eb te Rruga e Kavaj\u00ebs\u201d,\u00a0vijoi Artan Lame.<\/p>\n","protected":false},"excerpt":{"rendered":"<p>Kreu i Kadastr\u00ebs Shqiptare, Artan Lame ka dal\u00eb sot n\u00eb nj\u00eb konferenc\u00eb p\u00ebr mediat ku ka folur p\u00ebr p\u00ebrmbylljen e procesit t\u00eb regjistrimit t\u00eb t\u00eb gjitha pasurive p\u00ebr banor\u00ebt e fshatrave t\u00eb Tiran\u00ebs. Ai ka dh\u00ebn\u00eb dhe nj\u00eb lajm t\u00eb mir\u00eb p\u00ebr ta, q\u00eb t\u00eb rrin\u00eb t\u00eb qet\u00eb pasi nuk do ket\u00eb m\u00eb mbivendosje pronash. [&hellip;]<\/p>\n","protected":false},"author":2031,"featured_media":265070,"comment_status":"closed","ping_status":"closed","sticky":false,"template":"","format":"standard","meta":{"footnotes":""},"categories":[241,231,235],"tags":[],"class_list":{"0":"post-265069","1":"post","2":"type-post","3":"status-publish","4":"format-standard","5":"has-post-thumbnail","7":"category-aktualitet","8":"category-lajme","9":"category-vendi"},"_links":{"self":[{"href":"https:\/\/zjarr.tv\/sq\/wp-json\/wp\/v2\/posts\/265069","targetHints":{"allow":["GET"]}}],"collection":[{"href":"https:\/\/zjarr.tv\/sq\/wp-json\/wp\/v2\/posts"}],"about":[{"href":"https:\/\/zjarr.tv\/sq\/wp-json\/wp\/v2\/types\/post"}],"author":[{"embeddable":true,"href":"https:\/\/zjarr.tv\/sq\/wp-json\/wp\/v2\/users\/2031"}],"replies":[{"embeddable":true,"href":"https:\/\/zjarr.tv\/sq\/wp-json\/wp\/v2\/comments?post=265069"}],"version-history":[{"count":0,"href":"https:\/\/zjarr.tv\/sq\/wp-json\/wp\/v2\/posts\/265069\/revisions"}],"wp:featuredmedia":[{"embeddable":true,"href":"https:\/\/zjarr.tv\/sq\/wp-json\/wp\/v2\/media\/265070"}],"wp:attachment":[{"href":"https:\/\/zjarr.tv\/sq\/wp-json\/wp\/v2\/media?parent=265069"}],"wp:term":[{"taxonomy":"category","embeddable":true,"href":"https:\/\/zjarr.tv\/sq\/wp-json\/wp\/v2\/categories?post=265069"},{"taxonomy":"post_tag","embeddable":true,"href":"https:\/\/zjarr.tv\/sq\/wp-json\/wp\/v2\/tags?post=265069"}],"curies":[{"name":"wp","href":"https:\/\/api.w.org\/{rel}","templated":true}]}}