{"id":265078,"date":"2022-06-18T12:16:06","date_gmt":"2022-06-18T10:16:06","guid":{"rendered":"https:\/\/zjarr.tv\/?p=265078"},"modified":"2022-06-18T12:16:06","modified_gmt":"2022-06-18T10:16:06","slug":"o-zot-brace-acarohet-nga-gafa-e-krifces-bubullima-nuk-eshte-ne-divjake-reagimi-i-ministres","status":"publish","type":"post","link":"https:\/\/zjarr.tv\/sq\/o-zot-brace-acarohet-nga-gafa-e-krifces-bubullima-nuk-eshte-ne-divjake-reagimi-i-ministres\/","title":{"rendered":"\u201cO Zot!\u201d, Bra\u00e7e acarohet nga \u201cgafa\u201d e Krifc\u00ebs: Bubullima nuk \u00ebsht\u00eb n\u00eb Divjak\u00eb (Reagimi i ministres)"},"content":{"rendered":"<p>Deputeti i PS, Erion Bra\u00e7e si duket ka zgjedhur t\u00eb vijoj\u00eb me kund\u00ebrshtimet e tij sa i takon politikave t\u00eb nd\u00ebrmarra nga qeveria n\u00eb fush\u00ebn e Bujq\u00ebsis\u00eb. Por s\u00eb fundmi ai nuk i ka kursyer as ironit\u00eb ndaj ministres s\u00eb Bujq\u00ebsis\u00eb dhe Zhvillimit Rural, Frida Krifca.<\/p>\n<p>E gjitha nisi nga nj\u00eb postim i Krifc\u00ebs n\u00eb facebook, ku fshatin e Bubullim\u00ebs e p\u00ebrcaktonte si pjes\u00eb t\u00eb Divjak\u00ebs. Bra\u00e7e ka reaguar menj\u00ebher\u00eb duke ia b\u00ebr\u00eb t\u00eb qart\u00eb ministres se ky fshat ndodhej n\u00eb Lushnj\u00eb.<\/p>\n<p><img loading=\"lazy\" decoding=\"async\" class=\"alignnone size-medium wp-image-265079\" src=\"https:\/\/zjarr.tv\/wp-content\/uploads\/2022\/06\/brace2-232x400-1-174x300.png\" alt=\"\" width=\"174\" height=\"300\" srcset=\"https:\/\/zjarr.tv\/wp-content\/uploads\/2022\/06\/brace2-232x400-1-174x300.png 174w, https:\/\/zjarr.tv\/wp-content\/uploads\/2022\/06\/brace2-232x400-1.png 232w\" sizes=\"auto, (max-width: 174px) 100vw, 174px\" \/><\/p>\n<p>\u201cOoooo Zottttt! Bubullima nuk \u00ebsht\u00eb n\u00eb Divjak\u00eb \u00ebsht\u00eb n\u00eb Lushnje. \u00c7mimi i shalqinit sot n\u00eb Divjak\u00eb 15 lek\u00eb; Kur t\u2019i piqet Turit si\u00e7 e njohim ne, e Apostolit sipas jush, \u00e7mimi do t\u00eb jet\u00eb 4-5 lek\u00eb!\u201d, ka shkruar Bra\u00e7e n\u00eb nj\u00eb story t\u00eb publikuar n\u00eb Instagram.<\/p>\n<p>Nd\u00ebrkoh\u00eb ministrja ka reaguar duke korrigjuar postimin e b\u00ebr\u00eb n\u00eb facebook, ku m\u00eb par\u00eb shkruhej se fshati Bubullim\u00eb ishte n\u00eb Divjak\u00eb.<\/p>\n<p><img loading=\"lazy\" decoding=\"async\" class=\"alignnone size-medium wp-image-265080\" src=\"https:\/\/zjarr.tv\/wp-content\/uploads\/2022\/06\/kfirfa-481x400-1-300x249.png\" alt=\"\" width=\"300\" height=\"249\" srcset=\"https:\/\/zjarr.tv\/wp-content\/uploads\/2022\/06\/kfirfa-481x400-1-300x249.png 300w, https:\/\/zjarr.tv\/wp-content\/uploads\/2022\/06\/kfirfa-481x400-1.png 481w\" sizes=\"auto, (max-width: 300px) 100vw, 300px\" \/><\/p>\n","protected":false},"excerpt":{"rendered":"<p>Deputeti i PS, Erion Bra\u00e7e si duket ka zgjedhur t\u00eb vijoj\u00eb me kund\u00ebrshtimet e tij sa i takon politikave t\u00eb nd\u00ebrmarra nga qeveria n\u00eb fush\u00ebn e Bujq\u00ebsis\u00eb. Por s\u00eb fundmi ai nuk i ka kursyer as ironit\u00eb ndaj ministres s\u00eb Bujq\u00ebsis\u00eb dhe Zhvillimit Rural, Frida Krifca. E gjitha nisi nga nj\u00eb postim i Krifc\u00ebs n\u00eb [&hellip;]<\/p>\n","protected":false},"author":2020,"featured_media":265081,"comment_status":"closed","ping_status":"closed","sticky":false,"template":"","format":"standard","meta":{"footnotes":""},"categories":[241,5380,231],"tags":[],"class_list":{"0":"post-265078","1":"post","2":"type-post","3":"status-publish","4":"format-standard","5":"has-post-thumbnail","7":"category-aktualitet","8":"category-kryesore","9":"category-lajme"},"_links":{"self":[{"href":"https:\/\/zjarr.tv\/sq\/wp-json\/wp\/v2\/posts\/265078","targetHints":{"allow":["GET"]}}],"collection":[{"href":"https:\/\/zjarr.tv\/sq\/wp-json\/wp\/v2\/posts"}],"about":[{"href":"https:\/\/zjarr.tv\/sq\/wp-json\/wp\/v2\/types\/post"}],"author":[{"embeddable":true,"href":"https:\/\/zjarr.tv\/sq\/wp-json\/wp\/v2\/users\/2020"}],"replies":[{"embeddable":true,"href":"https:\/\/zjarr.tv\/sq\/wp-json\/wp\/v2\/comments?post=265078"}],"version-history":[{"count":0,"href":"https:\/\/zjarr.tv\/sq\/wp-json\/wp\/v2\/posts\/265078\/revisions"}],"wp:featuredmedia":[{"embeddable":true,"href":"https:\/\/zjarr.tv\/sq\/wp-json\/wp\/v2\/media\/265081"}],"wp:attachment":[{"href":"https:\/\/zjarr.tv\/sq\/wp-json\/wp\/v2\/media?parent=265078"}],"wp:term":[{"taxonomy":"category","embeddable":true,"href":"https:\/\/zjarr.tv\/sq\/wp-json\/wp\/v2\/categories?post=265078"},{"taxonomy":"post_tag","embeddable":true,"href":"https:\/\/zjarr.tv\/sq\/wp-json\/wp\/v2\/tags?post=265078"}],"curies":[{"name":"wp","href":"https:\/\/api.w.org\/{rel}","templated":true}]}}