{"id":265086,"date":"2022-06-18T12:29:39","date_gmt":"2022-06-18T10:29:39","guid":{"rendered":"https:\/\/zjarr.tv\/?p=265086"},"modified":"2022-06-18T12:29:39","modified_gmt":"2022-06-18T10:29:39","slug":"batutat-e-rames-me-blendi-gonxhen-sikur-gabimisht-ka-lindur-mbi-dy-kembe-se-duhet-te-kishte-lindur-mbi-4-rrota","status":"publish","type":"post","link":"https:\/\/zjarr.tv\/sq\/batutat-e-rames-me-blendi-gonxhen-sikur-gabimisht-ka-lindur-mbi-dy-kembe-se-duhet-te-kishte-lindur-mbi-4-rrota\/","title":{"rendered":"Batutat e Ram\u00ebs me Blendi Gonxhen: Sikur gabimisht ka lindur mbi dy k\u00ebmb\u00eb se duhet t\u00eb kishte lindur mbi 4 rrota"},"content":{"rendered":"<p>Kryeministri Edi Rama ka marr\u00eb pjes\u00eb dje n\u00eb hapjen zyrtare t\u00eb edicionit t\u00eb par\u00eb t\u00eb panairit t\u00eb makinave n\u00eb Shqip\u00ebri, \u201cAutomotive Fair Albania\u201d. Ai ka falenderuar organizator\u00ebt p\u00ebr k\u00ebt\u00eb event, teksa ka ftuar qytetar\u00ebt ta vizitonin.<\/p>\n<p>N\u00eb fjal\u00ebn e tij, kryeministri nuk i kurseu batutat. E nisi me Drejtorin\u00eb e Sh\u00ebrbimeve t\u00eb Transportit Rrugor (DPSHTRR), e cila drejtohet nga Blendi Gonxhja.<\/p>\n<p>\u201cS\u00eb bashku me Blendi Gonxhen, drejtorin e DRRPRRTSHRR-s\u00eb, s\u2019ia m\u00ebsova asnj\u00ebher\u00eb k\u00ebto inicialet k\u00ebsaj DPRR-s\u00eb. \u00c7\u2019r\u00ebnd\u00ebsi ka, r\u00ebnd\u00ebsi ka q\u00eb t\u00eb gjith\u00eb e din\u00eb se p\u00ebr cil\u00ebn drejtorin e kam fjal\u00ebn. Dhe ato RR-t aty jan\u00eb si ato l\u00ebvizjet e makin\u00ebs kur ndizet, rr rr rr\u2026 Bashk\u00ebpunimi me Blendin ka qen\u00eb ky\u00e7\u201d, u shpreh Rama.<\/p>\n<p>M\u00eb tej, Rama ftoi qytetar\u00ebt t\u00eb vizitonin panairin dhe u ndan p\u00ebrs\u00ebri te drejtori Gonxhja, nj\u00eb prej bashk\u00ebpun\u00ebtor\u00ebve t\u00eb tij t\u00eb hersh\u00ebm q\u00eb n\u00eb Bashkin\u00eb e Tiran\u00ebs.<\/p>\n<p>\u201cShijojeni k\u00ebt\u00eb ekspozit\u00eb, k\u00ebt\u00eb panair q\u00eb u b\u00eb i mundur fal\u00eb ministres son\u00eb t\u00eb Shtetit p\u00ebr Mbrojtjen e Sip\u00ebrmarrjes, fal\u00eb ministres son\u00eb p\u00ebr Infrastruktur\u00ebn dhe Energjin\u00eb dhe fal\u00eb Blendi Gonxhes, i cili duket sikur gabimisht ka lindur mbi dy k\u00ebmb\u00eb se duhet t\u00eb kishte lindur mbi 4 rrota\u201d, p\u00ebrmbylli kryeministri.<\/p>\n","protected":false},"excerpt":{"rendered":"<p>Kryeministri Edi Rama ka marr\u00eb pjes\u00eb dje n\u00eb hapjen zyrtare t\u00eb edicionit t\u00eb par\u00eb t\u00eb panairit t\u00eb makinave n\u00eb Shqip\u00ebri, \u201cAutomotive Fair Albania\u201d. Ai ka falenderuar organizator\u00ebt p\u00ebr k\u00ebt\u00eb event, teksa ka ftuar qytetar\u00ebt ta vizitonin. N\u00eb fjal\u00ebn e tij, kryeministri nuk i kurseu batutat. E nisi me Drejtorin\u00eb e Sh\u00ebrbimeve t\u00eb Transportit Rrugor (DPSHTRR), [&hellip;]<\/p>\n","protected":false},"author":2020,"featured_media":265087,"comment_status":"closed","ping_status":"closed","sticky":false,"template":"","format":"standard","meta":{"footnotes":""},"categories":[241,5380,231],"tags":[],"class_list":{"0":"post-265086","1":"post","2":"type-post","3":"status-publish","4":"format-standard","5":"has-post-thumbnail","7":"category-aktualitet","8":"category-kryesore","9":"category-lajme"},"_links":{"self":[{"href":"https:\/\/zjarr.tv\/sq\/wp-json\/wp\/v2\/posts\/265086","targetHints":{"allow":["GET"]}}],"collection":[{"href":"https:\/\/zjarr.tv\/sq\/wp-json\/wp\/v2\/posts"}],"about":[{"href":"https:\/\/zjarr.tv\/sq\/wp-json\/wp\/v2\/types\/post"}],"author":[{"embeddable":true,"href":"https:\/\/zjarr.tv\/sq\/wp-json\/wp\/v2\/users\/2020"}],"replies":[{"embeddable":true,"href":"https:\/\/zjarr.tv\/sq\/wp-json\/wp\/v2\/comments?post=265086"}],"version-history":[{"count":0,"href":"https:\/\/zjarr.tv\/sq\/wp-json\/wp\/v2\/posts\/265086\/revisions"}],"wp:featuredmedia":[{"embeddable":true,"href":"https:\/\/zjarr.tv\/sq\/wp-json\/wp\/v2\/media\/265087"}],"wp:attachment":[{"href":"https:\/\/zjarr.tv\/sq\/wp-json\/wp\/v2\/media?parent=265086"}],"wp:term":[{"taxonomy":"category","embeddable":true,"href":"https:\/\/zjarr.tv\/sq\/wp-json\/wp\/v2\/categories?post=265086"},{"taxonomy":"post_tag","embeddable":true,"href":"https:\/\/zjarr.tv\/sq\/wp-json\/wp\/v2\/tags?post=265086"}],"curies":[{"name":"wp","href":"https:\/\/api.w.org\/{rel}","templated":true}]}}