{"id":265089,"date":"2022-06-18T12:32:56","date_gmt":"2022-06-18T10:32:56","guid":{"rendered":"https:\/\/zjarr.tv\/?p=265089"},"modified":"2022-06-18T12:32:56","modified_gmt":"2022-06-18T10:32:56","slug":"rekordi-i-ri-i-naftes-265-leke-per-liter-tabaku-kjo-eshte-vlera-me-e-larte-qe-paguan-nje-qytetar-ne-rajon-ja-dy-arsyet","status":"publish","type":"post","link":"https:\/\/zjarr.tv\/sq\/rekordi-i-ri-i-naftes-265-leke-per-liter-tabaku-kjo-eshte-vlera-me-e-larte-qe-paguan-nje-qytetar-ne-rajon-ja-dy-arsyet\/","title":{"rendered":"Rekordi i ri i naft\u00ebs, 265 lek\u00eb p\u00ebr lit\u00ebr\/ Tabaku: Kjo \u00ebsht\u00eb vlera m\u00eb e lart\u00eb q\u00eb paguan nj\u00eb qytetar n\u00eb rajon, ja dy arsyet"},"content":{"rendered":"<p>Deputetja e PD, Jorida Tabaku ka reaguar s\u00ebrish pas shtrenjtimit t\u00eb \u00e7mimit t\u00eb naft\u00ebs n\u00eb vend, duke arritur nj\u00eb tjet\u00ebr rekord n\u00eb 265 lek\u00eb p\u00ebr lit\u00ebr.<\/p>\n<p>N\u00eb nj\u00eb postim n\u00eb rrjetet sociale, Tabaku thot\u00eb se \u201ckjo \u00ebsht\u00eb vlera m\u00eb e lart\u00eb q\u00eb paguan nj\u00eb qytetar n\u00eb rajon\u201d.<\/p>\n<p>\u201cShqiptar\u00ebt sot paguajn\u00eb karburantin m\u00eb t\u00eb shtrenjt\u00eb n\u00eb rajon. Pse?<\/p>\n<p>1- Pasi kur hedhim karburant n\u00eb makin\u00ebn ton\u00eb, 60% e \u00e7mimit p\u00ebr lit\u00ebr jan\u00eb taksa.<\/p>\n<p>2- Pasi bordi transparenc\u00ebs \u00ebsht\u00eb n\u00eb fakt bordi oligarkis\u00eb q\u00eb vendos \u00e7mime abuzive n\u00eb kurriz t\u00eb qytetar\u00ebve!\u201d<\/p>\n","protected":false},"excerpt":{"rendered":"<p>Deputetja e PD, Jorida Tabaku ka reaguar s\u00ebrish pas shtrenjtimit t\u00eb \u00e7mimit t\u00eb naft\u00ebs n\u00eb vend, duke arritur nj\u00eb tjet\u00ebr rekord n\u00eb 265 lek\u00eb p\u00ebr lit\u00ebr. N\u00eb nj\u00eb postim n\u00eb rrjetet sociale, Tabaku thot\u00eb se \u201ckjo \u00ebsht\u00eb vlera m\u00eb e lart\u00eb q\u00eb paguan nj\u00eb qytetar n\u00eb rajon\u201d. \u201cShqiptar\u00ebt sot paguajn\u00eb karburantin m\u00eb t\u00eb shtrenjt\u00eb n\u00eb [&hellip;]<\/p>\n","protected":false},"author":2020,"featured_media":211966,"comment_status":"closed","ping_status":"closed","sticky":false,"template":"","format":"standard","meta":{"footnotes":""},"categories":[241,5380,231],"tags":[],"class_list":{"0":"post-265089","1":"post","2":"type-post","3":"status-publish","4":"format-standard","5":"has-post-thumbnail","7":"category-aktualitet","8":"category-kryesore","9":"category-lajme"},"_links":{"self":[{"href":"https:\/\/zjarr.tv\/sq\/wp-json\/wp\/v2\/posts\/265089","targetHints":{"allow":["GET"]}}],"collection":[{"href":"https:\/\/zjarr.tv\/sq\/wp-json\/wp\/v2\/posts"}],"about":[{"href":"https:\/\/zjarr.tv\/sq\/wp-json\/wp\/v2\/types\/post"}],"author":[{"embeddable":true,"href":"https:\/\/zjarr.tv\/sq\/wp-json\/wp\/v2\/users\/2020"}],"replies":[{"embeddable":true,"href":"https:\/\/zjarr.tv\/sq\/wp-json\/wp\/v2\/comments?post=265089"}],"version-history":[{"count":0,"href":"https:\/\/zjarr.tv\/sq\/wp-json\/wp\/v2\/posts\/265089\/revisions"}],"wp:featuredmedia":[{"embeddable":true,"href":"https:\/\/zjarr.tv\/sq\/wp-json\/wp\/v2\/media\/211966"}],"wp:attachment":[{"href":"https:\/\/zjarr.tv\/sq\/wp-json\/wp\/v2\/media?parent=265089"}],"wp:term":[{"taxonomy":"category","embeddable":true,"href":"https:\/\/zjarr.tv\/sq\/wp-json\/wp\/v2\/categories?post=265089"},{"taxonomy":"post_tag","embeddable":true,"href":"https:\/\/zjarr.tv\/sq\/wp-json\/wp\/v2\/tags?post=265089"}],"curies":[{"name":"wp","href":"https:\/\/api.w.org\/{rel}","templated":true}]}}