{"id":265091,"date":"2022-06-18T12:36:17","date_gmt":"2022-06-18T10:36:17","guid":{"rendered":"https:\/\/zjarr.tv\/?p=265091"},"modified":"2022-06-18T12:36:17","modified_gmt":"2022-06-18T10:36:17","slug":"braimllari-protesta-e-fermereve-ne-te-gjithe-shqiperine-tregon-qarte-mungesen-e-perkrahjes-nga-qeveria-e-rames","status":"publish","type":"post","link":"https:\/\/zjarr.tv\/sq\/braimllari-protesta-e-fermereve-ne-te-gjithe-shqiperine-tregon-qarte-mungesen-e-perkrahjes-nga-qeveria-e-rames\/","title":{"rendered":"Braimllari: Protesta e fermer\u00ebve n\u00eb t\u00eb gjith\u00eb Shqip\u00ebrin\u00eb tregon qart\u00eb munges\u00ebn e p\u00ebrkrahjes nga qeveria e Ram\u00ebs"},"content":{"rendered":"<p>Nga Endrit Brahimllari<\/p>\n<p>Protesta e fermereve te Dvoranit te Kor\u00e7es, apo te Fierit, Lushnjes dhe ne te gjithe Shqiperine per mungesen e mbeshtjetes se qeverise tregon qarte mungesen e perkrahjes nga ana e qeverise per fermerin e mesem qe perben sot 99 perqind te prodhimit vendas.<\/p>\n<p>Ne keto kushte kur kemi nje qeveri te korruptuar dhe te papergjegjshme, e cila nuk investon ne bujqesi si shtylla kryesore e ekonomise por ka synime te tjera propagantiste ne mbeshtetje te autokracise.<\/p>\n<p>Promovimi i Open Ballkan nga Edi Rama eshte vetem ne funksion te shkaterrimit te ekonomise, falimentimit te fermerit vendas i cili ne \u00e7do rast konkurron ne menyre te padrejte ne rajon si pasoje e mos mbeshtetjes se qeverise.<\/p>\n<p>Jo pa qellim, politikat e Rames ne bujqesi jane te tilla per te favorizuar nje politike antikombetare, per te shkaterruar fermerin vendas dhe gjith\u00e7ka ne funksion te autokracise dhe pushtetit te tij personale.<\/p>\n<p>Politika te tilla antikombetare, destabilizuese dhe varferuese per vendin nuk mund te favorizojne ekonomine dhe zhvillimin e saj.<\/p>\n<p>Fermeri vendas kerkon mbeshtetje reale qe ta beje te konkurueshem ne rajon.<\/p>\n<p>Fermeri vendas duhet te subvencionohet drejteperdrejte.<\/p>\n<p>Subvencionim per \u00e7mimin e inputeve bujqesore.<\/p>\n<p>Subvencion per karburantin, krijimin e shanseve dhe mundesive per tregun me qellim qe te shiten produktet vendase.<\/p>\n<p>Bujqesia duhet te marri rendesi strategjike kombetare dhe jo nje sektor propagande klientelist ne sherbim te rilindjes per interesa antikombetare.<\/p>\n","protected":false},"excerpt":{"rendered":"<p>Nga Endrit Brahimllari Protesta e fermereve te Dvoranit te Kor\u00e7es, apo te Fierit, Lushnjes dhe ne te gjithe Shqiperine per mungesen e mbeshtjetes se qeverise tregon qarte mungesen e perkrahjes nga ana e qeverise per fermerin e mesem qe perben sot 99 perqind te prodhimit vendas. Ne keto kushte kur kemi nje qeveri te korruptuar [&hellip;]<\/p>\n","protected":false},"author":2020,"featured_media":141438,"comment_status":"closed","ping_status":"closed","sticky":false,"template":"","format":"standard","meta":{"footnotes":""},"categories":[241,5380,231],"tags":[],"class_list":{"0":"post-265091","1":"post","2":"type-post","3":"status-publish","4":"format-standard","5":"has-post-thumbnail","7":"category-aktualitet","8":"category-kryesore","9":"category-lajme"},"_links":{"self":[{"href":"https:\/\/zjarr.tv\/sq\/wp-json\/wp\/v2\/posts\/265091","targetHints":{"allow":["GET"]}}],"collection":[{"href":"https:\/\/zjarr.tv\/sq\/wp-json\/wp\/v2\/posts"}],"about":[{"href":"https:\/\/zjarr.tv\/sq\/wp-json\/wp\/v2\/types\/post"}],"author":[{"embeddable":true,"href":"https:\/\/zjarr.tv\/sq\/wp-json\/wp\/v2\/users\/2020"}],"replies":[{"embeddable":true,"href":"https:\/\/zjarr.tv\/sq\/wp-json\/wp\/v2\/comments?post=265091"}],"version-history":[{"count":0,"href":"https:\/\/zjarr.tv\/sq\/wp-json\/wp\/v2\/posts\/265091\/revisions"}],"wp:featuredmedia":[{"embeddable":true,"href":"https:\/\/zjarr.tv\/sq\/wp-json\/wp\/v2\/media\/141438"}],"wp:attachment":[{"href":"https:\/\/zjarr.tv\/sq\/wp-json\/wp\/v2\/media?parent=265091"}],"wp:term":[{"taxonomy":"category","embeddable":true,"href":"https:\/\/zjarr.tv\/sq\/wp-json\/wp\/v2\/categories?post=265091"},{"taxonomy":"post_tag","embeddable":true,"href":"https:\/\/zjarr.tv\/sq\/wp-json\/wp\/v2\/tags?post=265091"}],"curies":[{"name":"wp","href":"https:\/\/api.w.org\/{rel}","templated":true}]}}