{"id":265096,"date":"2022-06-18T12:45:42","date_gmt":"2022-06-18T10:45:42","guid":{"rendered":"https:\/\/zjarr.tv\/?p=265096"},"modified":"2022-06-18T12:45:42","modified_gmt":"2022-06-18T10:45:42","slug":"nafta-cmim-rekord-rama-hedh-shashken-e-radhes-premton-garat-e-formula-1-ne-shqiperi","status":"publish","type":"post","link":"https:\/\/zjarr.tv\/sq\/nafta-cmim-rekord-rama-hedh-shashken-e-radhes-premton-garat-e-formula-1-ne-shqiperi\/","title":{"rendered":"Nafta \u00e7mim rekord\/ Rama hedh shashk\u00ebn e radh\u00ebs, premton garat e Formula 1 n\u00eb Shqip\u00ebri"},"content":{"rendered":"<p>Dit\u00ebn q\u00eb qeveria bekoi rritjen e \u00e7mimit t\u00eb naft\u00ebs n\u00eb nivele rekord, me 265 lek\u00eb p\u00ebr lit\u00ebr, kryeministri Rama hodhi nj\u00eb shashk\u00eb p\u00ebr konsum publik q\u00eb nuk kalon dot pa t\u00ebrhequr v\u00ebm\u00ebndjen.<\/p>\n<p>Ai premtoi t\u00eb sjell\u00eb n\u00eb Shqip\u00ebri garat e Formula 1 gjat\u00eb panairit t\u00eb makinave \u201cAutomotive Fair Albania\u201d.<\/p>\n<p>\u201cAskujt nuk ja kishte marr\u00eb mendja se do t\u00eb kishim n\u00eb Tiran\u00eb nj\u00eb finale evropiane n\u00eb futboll dhe e pat\u00ebm. Po k\u00ebshtu besoj se nuk kemi pse t\u00eb trembemi nga nj\u00eb \u00ebnd\u00ebrr si kjo e sjelljes s\u00eb garave automobilistike n\u00eb Shqip\u00ebri dhe t\u00eb arritjes deri te nj\u00eb gar\u00eb e Formul\u00ebs 1, n\u00eb nj\u00eb pist\u00eb me t\u00eb gjitha standardet\u201d ishte deklarata q\u00eb b\u00ebri menj\u00ebher\u00eb xhiron e portaleve.<\/p>\n<p>Duket absurde se si n\u00eb kulmin e kriz\u00ebs s\u00eb \u00e7mimeve, kryeministri nuk mendon si t\u00eb zbus\u00eb varf\u00ebrin\u00eb, por e ka mendjen te garat me makina, tek luksi i Formula 1.<\/p>\n<p>Q\u00eb nuk e beson njeri q\u00eb Rama e ka seriozisht, kjo \u00ebsht\u00eb e pak por e sigurt\u00eb. Bro\u00e7kulla si k\u00ebto jan\u00eb l\u00ebshuar edhe m\u00eb par\u00eb p\u00ebr t\u00eb trullosur mendjet e popullsis\u00eb m\u00eb t\u00eb varf\u00ebr n\u00eb Europ\u00eb.<\/p>\n<p>Lajthitje e rrall\u00eb ishte ajo e fushat\u00ebs zgjedhore vitin e kaluar, kur Rama k\u00ebrkonte votat p\u00ebr mandatin e tret\u00eb dhe premtonte nj\u00eb fabrik\u00eb vaksinash n\u00eb Shqip\u00ebri. Duke njohur mir\u00eb frik\u00ebn q\u00eb kishte mbjell\u00eb nga Corona, ai e p\u00ebrshkroi at\u00eb pa u skuqur, si nj\u00eb fabrik\u00eb me teknologji moderne.<\/p>\n<p>\u201cKemi nisur bisedat p\u00ebr t\u00eb sjell\u00eb n\u00eb Shqip\u00ebri fabrik\u00ebn e prodhimit t\u00eb vaksinave. Nj\u00eb fabrik\u00eb e teknologjis\u00eb s\u00eb lart\u00eb, e cila aktualisht \u00ebsht\u00eb nj\u00eb nd\u00ebr kompanit\u00eb m\u00eb t\u00eb m\u00ebdha farmaceutike n\u00eb bot\u00eb, kompania farmaceutike q\u00eb b\u00ebn distribucionin e vaksin\u00ebs Sinovac, por q\u00eb n\u00eb t\u00eb nj\u00ebjt\u00ebn koh\u00eb \u00ebsht\u00eb prodhuese e shum\u00eb vaksinave dhe produkteve t\u00eb tjera farmaceutike\u201d ishin fjal\u00ebt q\u00eb tha pas nj\u00eb vizite n\u00eb Turqi.<\/p>\n<p>Po me kaq paturp\u00ebsi u artikulua edhe ideja p\u00ebr t\u00eb d\u00ebrguar dy satelit\u00eb n\u00eb hap\u00ebsir\u00eb me emrat Albania 1 dhe Albania 2 gjat\u00eb tetorit t\u00eb vitit t\u00eb kaluar.<\/p>\n<p>N\u00eb nj\u00eb video q\u00eb publikoi n\u00eb rrjetet sociale, Rama fliste me nj\u00eb person tjet\u00ebr n\u00eb anglisht q\u00eb i premtonte se satelit\u00ebt do t\u00eb ishin gati n\u00eb mars t\u00eb k\u00ebtij viti. Kan\u00eb kaluar disa muaj dhe kjo e satelit\u00ebve mbetet nj\u00eb ide e paqart\u00eb p\u00ebr nga kostot, apo funksionin e tyre.<\/p>\n<p>Jan\u00eb t\u00eb pakt\u00eb ata q\u00eb premtime t\u00eb tilla i marrin seriozisht. N\u00eb p\u00ebrgjith\u00ebsi, ato shoq\u00ebrohen nga meme dhe ironi n\u00eb mediat sociale, t\u00eb cilat prezantojn\u00eb nj\u00eb klloun p\u00ebr kryeminist\u00ebr.<\/p>\n<p>N\u00eb fakt, ky mund t\u00eb jet\u00eb edhe q\u00ebllimi i mesazhit q\u00eb p\u00ebr\u00e7on tek qytetar\u00ebt. N\u00eb momentin q\u00eb ka marr\u00eb p\u00ebrsip\u00ebr p\u00ebrgjegj\u00ebsin\u00eb p\u00ebr rritjen e \u00e7mimit t\u00eb naft\u00ebs dhe produkteve ushqimore, talljet dhe ironit\u00eb e njer\u00ebzve p\u00ebrtypen m\u00eb leht\u00eb se mllefi dhe irritimi i qytetar\u00ebve.\/ Lapsi\/<\/p>\n","protected":false},"excerpt":{"rendered":"<p>Dit\u00ebn q\u00eb qeveria bekoi rritjen e \u00e7mimit t\u00eb naft\u00ebs n\u00eb nivele rekord, me 265 lek\u00eb p\u00ebr lit\u00ebr, kryeministri Rama hodhi nj\u00eb shashk\u00eb p\u00ebr konsum publik q\u00eb nuk kalon dot pa t\u00ebrhequr v\u00ebm\u00ebndjen. Ai premtoi t\u00eb sjell\u00eb n\u00eb Shqip\u00ebri garat e Formula 1 gjat\u00eb panairit t\u00eb makinave \u201cAutomotive Fair Albania\u201d. \u201cAskujt nuk ja kishte marr\u00eb mendja [&hellip;]<\/p>\n","protected":false},"author":2020,"featured_media":265097,"comment_status":"closed","ping_status":"closed","sticky":false,"template":"","format":"standard","meta":{"footnotes":""},"categories":[241,5380,231],"tags":[],"class_list":{"0":"post-265096","1":"post","2":"type-post","3":"status-publish","4":"format-standard","5":"has-post-thumbnail","7":"category-aktualitet","8":"category-kryesore","9":"category-lajme"},"_links":{"self":[{"href":"https:\/\/zjarr.tv\/sq\/wp-json\/wp\/v2\/posts\/265096","targetHints":{"allow":["GET"]}}],"collection":[{"href":"https:\/\/zjarr.tv\/sq\/wp-json\/wp\/v2\/posts"}],"about":[{"href":"https:\/\/zjarr.tv\/sq\/wp-json\/wp\/v2\/types\/post"}],"author":[{"embeddable":true,"href":"https:\/\/zjarr.tv\/sq\/wp-json\/wp\/v2\/users\/2020"}],"replies":[{"embeddable":true,"href":"https:\/\/zjarr.tv\/sq\/wp-json\/wp\/v2\/comments?post=265096"}],"version-history":[{"count":0,"href":"https:\/\/zjarr.tv\/sq\/wp-json\/wp\/v2\/posts\/265096\/revisions"}],"wp:featuredmedia":[{"embeddable":true,"href":"https:\/\/zjarr.tv\/sq\/wp-json\/wp\/v2\/media\/265097"}],"wp:attachment":[{"href":"https:\/\/zjarr.tv\/sq\/wp-json\/wp\/v2\/media?parent=265096"}],"wp:term":[{"taxonomy":"category","embeddable":true,"href":"https:\/\/zjarr.tv\/sq\/wp-json\/wp\/v2\/categories?post=265096"},{"taxonomy":"post_tag","embeddable":true,"href":"https:\/\/zjarr.tv\/sq\/wp-json\/wp\/v2\/tags?post=265096"}],"curies":[{"name":"wp","href":"https:\/\/api.w.org\/{rel}","templated":true}]}}