{"id":265117,"date":"2022-06-18T13:58:19","date_gmt":"2022-06-18T11:58:19","guid":{"rendered":"https:\/\/zjarr.tv\/?p=265117"},"modified":"2022-06-18T13:58:19","modified_gmt":"2022-06-18T11:58:19","slug":"zgjedhjet-ne-ps-veliaj-nuk-jemi-si-ata-qe-desh-dogjen-njeri-tjetrin-te-gjalle-e-njohim-shume-mire-edhe-ilir-meten-edhe-saliun","status":"publish","type":"post","link":"https:\/\/zjarr.tv\/sq\/zgjedhjet-ne-ps-veliaj-nuk-jemi-si-ata-qe-desh-dogjen-njeri-tjetrin-te-gjalle-e-njohim-shume-mire-edhe-ilir-meten-edhe-saliun\/","title":{"rendered":"Zgjedhjet ne PS, Veliaj: Nuk jemi si ata q\u00eb desh dogj\u00ebn nj\u00ebri-tjetrin t\u00eb gjall\u00eb. E njohim shum\u00eb mir\u00eb edhe Ilir Met\u00ebn, edhe Saliun"},"content":{"rendered":"<p>Nj\u00ebsia 5 ishte ndalesa e radh\u00ebs e drejtuesit politik t\u00eb PS p\u00ebr Qarkun e Tiran\u00ebs, Erion Veliaj, n\u00eb vijim t\u00eb turit informues p\u00ebr zgjedhjet e brendshme t\u00eb partis\u00eb. N\u00eb takimin ku mori pjes\u00eb edhe ministrja e Ekonomis\u00eb dhe Financave, Delina Ibrahimaj, me an\u00ebtar\u00eb t\u00eb forumeve t\u00eb PS, Veliaj tha se Nj\u00ebsia 5, n\u00eb k\u00ebto 7 vjet, ka p\u00ebsuar nj\u00eb transformim t\u00eb jasht\u00ebzakonsh\u00ebm.<\/p>\n<p>Kryebashkiaku i Tiran\u00ebs vuri n\u00eb dukje se Partia Socialiste \u00ebsht\u00eb krenare p\u00ebr pun\u00ebt q\u00eb ka b\u00ebr\u00eb n\u00eb qeverisjen qendrore dhe vendore, por ambicia \u00ebsht\u00eb p\u00ebr t\u00eb b\u00ebr\u00eb edhe m\u00eb shum\u00eb se kaq. Ai shtoi se vendi ka humbur shum\u00eb koh\u00eb me Sali Berish\u00ebn dhe Ilir Met\u00ebn, t\u00eb cil\u00ebt k\u00ebrkojn\u00eb vet\u00ebm konflikt, si t\u2019i v\u00ebn\u00eb njer\u00ebzit kund\u00ebr nj\u00ebri-tjetrit.<\/p>\n<p>\u201cMendoj p\u00ebr Kopshtin Zoologjik dhe m\u00eb kujtohet k\u00eb kemi p\u00ebrball\u00eb. Jemi ende duke b\u00ebr\u00eb betej\u00eb me ata q\u00eb i gjuajn\u00eb tigrit me gur\u00eb. Po ta shoh\u00ebsh, ata k\u00ebshtu i gjuajn\u00eb partis\u00eb s\u00eb tyre, si\u00e7 i gjuajn\u00eb tigrit. Kurse ne vet\u00ebm kemi investuar n\u00eb Nj\u00ebsin\u00eb 5. Shikojeni sa \u00ebsht\u00eb rritur vlera e pron\u00ebs rreth Kopshtit Zoologjik! Halli m\u00eb i madh p\u00ebr kund\u00ebrshtar\u00ebt tan\u00eb \u00ebsht\u00eb a ka dh\u00ebmb\u00eb tigri.<\/p>\n<p>E kuptoni \u00e7far\u00eb mentalitetesh jemi? PS-ja \u00ebsht\u00eb parti q\u00eb b\u00ebn shtet, q\u00eb b\u00ebn qytet, q\u00eb modernizon. Ambicia jon\u00eb, tani q\u00eb i kthyem n\u00eb pron\u00ebsi t\u00eb bashkis\u00eb edhe pishinat te Diga e Liqenit, \u00ebsht\u00eb si t\u2019ia kthejm\u00eb lavdin\u00eb e dikurshme n\u00eb Nj\u00ebsin\u00eb 5. Pasi t\u00eb mbyllen proceset p\u00ebr Kopshtin Botanik, do ta transformojm\u00eb si Kopshtin Zoologjik, t\u00eb hapur p\u00ebr qytetar\u00ebt. Por t\u00eb gjitha k\u00ebto rrisin vler\u00ebn e nj\u00ebsis\u00eb. Kjo \u00ebsht\u00eb arsyeja pse PS vijon t\u00eb rritet\u201d, u shpreh Veliaj.<\/p>\n<p>Duke iu referuar zgjedhjeve n\u00eb parti, t\u00eb cilat po zhvillohen n\u00eb m\u00ebnyr\u00eb transparente dhe t\u00eb hapura p\u00ebr publikun, Veliaj tha se PS duhet marr\u00eb si shembull.<\/p>\n<p>\u201cSido q\u00eb t\u00eb shkoj\u00eb procesi, skena si ato t\u00eb 8 janarit n\u00eb PD, me vare, qysqi, me kok\u00ebdash, me gaz, me shkall\u00eb e me blinda, nuk ka n\u00eb PS. Ne jemi tjet\u00ebr parti. Njer\u00ebzit pyesin kur b\u00ebhen zgjedhjet n\u00eb PS sepse thon\u00eb k\u00ebta nuk jan\u00eb si ata q\u00eb desh dogj\u00ebn nj\u00ebri-tjetrin t\u00eb gjall\u00eb. \u00c7far\u00eb do b\u00ebjn\u00eb ata p\u00ebr familjet tona?! Ata desh vran\u00eb familjen e tyre. Por, s\u2019\u00ebsht\u00eb habi, se i njihnim, ata kan\u00eb b\u00ebr\u00eb edhe 21 janarin, edhe \u201897, edhe\u201998! E njohim shum\u00eb mir\u00eb edhe Ilir Met\u00ebn, edhe Saliun, e gjith\u00e7ka q\u00eb p\u00ebrfaq\u00ebson ajo lloj kategorie\u201d, vijoi Veliaj.<\/p>\n","protected":false},"excerpt":{"rendered":"<p>Nj\u00ebsia 5 ishte ndalesa e radh\u00ebs e drejtuesit politik t\u00eb PS p\u00ebr Qarkun e Tiran\u00ebs, Erion Veliaj, n\u00eb vijim t\u00eb turit informues p\u00ebr zgjedhjet e brendshme t\u00eb partis\u00eb. N\u00eb takimin ku mori pjes\u00eb edhe ministrja e Ekonomis\u00eb dhe Financave, Delina Ibrahimaj, me an\u00ebtar\u00eb t\u00eb forumeve t\u00eb PS, Veliaj tha se Nj\u00ebsia 5, n\u00eb k\u00ebto 7 [&hellip;]<\/p>\n","protected":false},"author":2020,"featured_media":265118,"comment_status":"closed","ping_status":"closed","sticky":false,"template":"","format":"standard","meta":{"footnotes":""},"categories":[241,5380,231],"tags":[],"class_list":{"0":"post-265117","1":"post","2":"type-post","3":"status-publish","4":"format-standard","5":"has-post-thumbnail","7":"category-aktualitet","8":"category-kryesore","9":"category-lajme"},"_links":{"self":[{"href":"https:\/\/zjarr.tv\/sq\/wp-json\/wp\/v2\/posts\/265117","targetHints":{"allow":["GET"]}}],"collection":[{"href":"https:\/\/zjarr.tv\/sq\/wp-json\/wp\/v2\/posts"}],"about":[{"href":"https:\/\/zjarr.tv\/sq\/wp-json\/wp\/v2\/types\/post"}],"author":[{"embeddable":true,"href":"https:\/\/zjarr.tv\/sq\/wp-json\/wp\/v2\/users\/2020"}],"replies":[{"embeddable":true,"href":"https:\/\/zjarr.tv\/sq\/wp-json\/wp\/v2\/comments?post=265117"}],"version-history":[{"count":0,"href":"https:\/\/zjarr.tv\/sq\/wp-json\/wp\/v2\/posts\/265117\/revisions"}],"wp:featuredmedia":[{"embeddable":true,"href":"https:\/\/zjarr.tv\/sq\/wp-json\/wp\/v2\/media\/265118"}],"wp:attachment":[{"href":"https:\/\/zjarr.tv\/sq\/wp-json\/wp\/v2\/media?parent=265117"}],"wp:term":[{"taxonomy":"category","embeddable":true,"href":"https:\/\/zjarr.tv\/sq\/wp-json\/wp\/v2\/categories?post=265117"},{"taxonomy":"post_tag","embeddable":true,"href":"https:\/\/zjarr.tv\/sq\/wp-json\/wp\/v2\/tags?post=265117"}],"curies":[{"name":"wp","href":"https:\/\/api.w.org\/{rel}","templated":true}]}}