{"id":265194,"date":"2022-06-19T08:38:12","date_gmt":"2022-06-19T06:38:12","guid":{"rendered":"https:\/\/zjarr.tv\/?p=265194"},"modified":"2022-06-19T08:38:12","modified_gmt":"2022-06-19T06:38:12","slug":"balla-nga-festa-e-grurit-ne-fier-u-premton-bujqeve-do-te-shitet-me-cmim-me-te-larte-mbi-50-leke","status":"publish","type":"post","link":"https:\/\/zjarr.tv\/sq\/balla-nga-festa-e-grurit-ne-fier-u-premton-bujqeve-do-te-shitet-me-cmim-me-te-larte-mbi-50-leke\/","title":{"rendered":"Balla nga festa e grurit n\u00eb Fier u premton bujq\u00ebve: Do t\u00eb shitet me \u00e7mim m\u00eb t\u00eb lart\u00eb, mbi 50 lek\u00eb"},"content":{"rendered":"<p>Kreu i grupit parlamentar t\u00eb PS Taulant Balla dit\u00ebn e djeshme mori pjes\u00eb n\u00eb fest\u00ebn e grurit n\u00eb Fier.<\/p>\n<p> Ai tha se prodhimi vendas do t\u00eb shitet me nj\u00eb \u00e7mim m\u00eb t\u00eb lart\u00eb, nd\u00ebrkoh\u00eb ngriti si problematik\u00eb munges\u00ebn e nj\u00eb pike grumbullimi t\u00eb grurit q\u00eb sipas tij i detyron prodhuesit ta shesin m\u00eb lir\u00eb mallin.<\/p>\n<p> \u201cNe nuk jemi k\u00ebtu sot vet\u00ebm p\u00ebr fest\u00eb. Kemi komunikuar dhe me kryepleqt\u00eb e fashatrave ose dhe Shoqatat e Bujq\u00ebve p\u00ebr t\u00eb nxitur q\u00eb ata t\u00eb jen\u00eb m\u00eb t\u00eb bashkuar me nj\u00ebri tjetrin. K\u00ebt\u00eb vit \u00e7mimi i shitjes s\u00eb grurit do t\u00eb jet\u00eb mbi 50 lek\u00eb, q\u00eb do t\u00eb thot\u00eb se \u00ebsht\u00eb nj\u00eb \u00e7mim dyfish m\u00eb i lar\u00ebt se viti i kaluar. Besoj se gjith\u00eb prodhimi vendas do t\u00eb shitet dhe do t\u00eb shitet me nj\u00eb \u00e7mim m\u00eb t\u00eb lar\u00ebt. T\u00eb gjith\u00eb fermer\u00ebt t\u00eb gjith\u00eb bujqit t\u00eb b\u00ebhen bashk\u00eb e t\u00eb mos bien e pre e bler\u00ebsve.  Cil\u00ebsia e grurit vendas \u00ebsht\u00eb nj\u00eb cil\u00ebsi shum\u00eb e lart\u00eb q\u00eb t\u00eb gjith\u00eb e k\u00ebrkoj\u00ebn.<\/p>\n<p>Nj\u00eb gj\u00eb q\u00eb duhet t\u00eb mund\u00ebsojm\u00eb p\u00ebr vitet m\u00eb pas \u00ebsht\u00eb t\u00eb rrisim kapacitetet e grumbullimit. Bujqit nuk kan\u00eb hapsira ku t\u00eb akumulojn\u00eb prodhimin e tyre dhe pastaj p\u00ebr t\u00eb pritur koh\u00ebn p\u00ebr ta shitur  me nj\u00eb \u00e7mim m\u00eb t\u00eb mir\u00eb. Shpeshher\u00eb abuzimi vjen p\u00ebr shkak t\u00eb pamund\u00ebsis\u00eb p\u00ebr t\u00eb grumbulluar\u201d, tha Balla.<\/p>\n","protected":false},"excerpt":{"rendered":"<p>Kreu i grupit parlamentar t\u00eb PS Taulant Balla dit\u00ebn e djeshme mori pjes\u00eb n\u00eb fest\u00ebn e grurit n\u00eb Fier. Ai tha se prodhimi vendas do t\u00eb shitet me nj\u00eb \u00e7mim m\u00eb t\u00eb lart\u00eb, nd\u00ebrkoh\u00eb ngriti si problematik\u00eb munges\u00ebn e nj\u00eb pike grumbullimi t\u00eb grurit q\u00eb sipas tij i detyron prodhuesit ta shesin m\u00eb lir\u00eb mallin. [&hellip;]<\/p>\n","protected":false},"author":2031,"featured_media":265195,"comment_status":"closed","ping_status":"closed","sticky":false,"template":"","format":"standard","meta":{"footnotes":""},"categories":[241,231,235],"tags":[],"class_list":{"0":"post-265194","1":"post","2":"type-post","3":"status-publish","4":"format-standard","5":"has-post-thumbnail","7":"category-aktualitet","8":"category-lajme","9":"category-vendi"},"_links":{"self":[{"href":"https:\/\/zjarr.tv\/sq\/wp-json\/wp\/v2\/posts\/265194","targetHints":{"allow":["GET"]}}],"collection":[{"href":"https:\/\/zjarr.tv\/sq\/wp-json\/wp\/v2\/posts"}],"about":[{"href":"https:\/\/zjarr.tv\/sq\/wp-json\/wp\/v2\/types\/post"}],"author":[{"embeddable":true,"href":"https:\/\/zjarr.tv\/sq\/wp-json\/wp\/v2\/users\/2031"}],"replies":[{"embeddable":true,"href":"https:\/\/zjarr.tv\/sq\/wp-json\/wp\/v2\/comments?post=265194"}],"version-history":[{"count":0,"href":"https:\/\/zjarr.tv\/sq\/wp-json\/wp\/v2\/posts\/265194\/revisions"}],"wp:featuredmedia":[{"embeddable":true,"href":"https:\/\/zjarr.tv\/sq\/wp-json\/wp\/v2\/media\/265195"}],"wp:attachment":[{"href":"https:\/\/zjarr.tv\/sq\/wp-json\/wp\/v2\/media?parent=265194"}],"wp:term":[{"taxonomy":"category","embeddable":true,"href":"https:\/\/zjarr.tv\/sq\/wp-json\/wp\/v2\/categories?post=265194"},{"taxonomy":"post_tag","embeddable":true,"href":"https:\/\/zjarr.tv\/sq\/wp-json\/wp\/v2\/tags?post=265194"}],"curies":[{"name":"wp","href":"https:\/\/api.w.org\/{rel}","templated":true}]}}