{"id":265483,"date":"2022-06-20T19:27:49","date_gmt":"2022-06-20T17:27:49","guid":{"rendered":"https:\/\/zjarr.tv\/?p=265483"},"modified":"2022-06-20T19:27:49","modified_gmt":"2022-06-20T17:27:49","slug":"berisha-harta-e-re-gjyqesore-eshte-shkelje-e-kushtetutes-reforma-e-soros-shkaterroi-drejtesine-ne-vend","status":"publish","type":"post","link":"https:\/\/zjarr.tv\/sq\/berisha-harta-e-re-gjyqesore-eshte-shkelje-e-kushtetutes-reforma-e-soros-shkaterroi-drejtesine-ne-vend\/","title":{"rendered":"Berisha: Harta e re gjyq\u00ebsore \u00ebsht\u00eb shkelje e Kushtetut\u00ebs, reforma e Soros shkat\u00ebrroi drejt\u00ebsin\u00eb n\u00eb vend"},"content":{"rendered":"<p>Ish-kryeministri Sali Berisha ka zhvilluar nj\u00eb takim dit\u00ebn e sotme me avokat\u00ebt p\u00ebr t\u00eb biseduar mbi problematikat e sistemit t\u00eb drejt\u00ebsis\u00eb dhe hart\u00ebn e re gjyq\u00ebsore.<\/p>\n<p>N\u00eb fjal\u00ebn e tij Berisha tha se harta e re gjyq\u00ebsore \u00ebsht\u00eb n\u00eb kund\u00ebrshtim flagrant me parimet kushtetuese, ligjin p\u00ebr organizimin e drejt\u00ebsis\u00eb, si dhe Konvent\u00ebn Europiane p\u00ebr t\u00eb Drejtat e Njeriut.<\/p>\n<p>Berisha: Harta e re gjyq\u00ebsore e cila vjen n\u00eb kund\u00ebrshtim me Kushtetut\u00ebn dhe ligjin p\u00ebr organizimin e Drejt\u00ebsis\u00eb \u00ebsht\u00eb Kapaku q\u00eb i vihet arkivolit n\u00eb t\u00eb cilin e mbylli Reforma e Drejt\u00ebsis\u00eb sistemin e drejt\u00ebsis\u00eb n\u00eb Shqip\u00ebri. Shqip\u00ebria kaloi n\u00eb nj\u00eb proces unik, asnj\u00eb vend, asnj\u00eb komb, asnj\u00eb pushtues nuk ka guxuar t\u2019i shkat\u00ebrroj\u00eb nj\u00eb vendi tjet\u00ebr sistemin e drejt\u00ebsis\u00eb, si\u00e7 e shkat\u00ebrroi reforma e George Sorosit.<\/p>\n<p>Edhe pushtuesit, kan\u00eb konventa p\u00ebr fusha t\u00eb caktuara t\u00eb cilat jan\u00eb t\u00eb detyruar t\u2019i zbatojn\u00eb. Reforma shkat\u00ebrroi me vetingun nga lart posht\u00eb, t\u00eb kund\u00ebrshtuar nga opozita, jo se jemi kund\u00ebr verifikimit t\u00eb past\u00ebrtis\u00eb s\u00eb figurave, por ne kemi qen\u00eb kund\u00ebr metod\u00ebs nga lart posht\u00eb.<\/p>\n<p>Metod\u00eb e cila kishte dy probleme t\u00eb m\u00ebdha madhore, at\u00eb t\u00eb vakumit shkat\u00ebrrimtar p\u00ebr sistemin dhe s\u00eb dyti at\u00eb t\u00eb futjes s\u00eb duarve nga lart p\u00ebr sistemin. Mohimi q\u00eb iu b\u00eb shqiptar\u00ebve p\u00ebr t\u00eb pasur nj\u00eb proces t\u00eb rregullt gjyq\u00ebsor. Kjo reform\u00eb e rr\u00ebnoi k\u00ebt\u00eb t\u00eb drejt\u00eb. Nuk \u00ebsht\u00eb proces i rregullt kur t\u2019i pret 10 ose 15 vite kur rrethanat dhe kushtet kan\u00eb ndryshuar q\u00eb nga fillimi i procesit.<\/p>\n","protected":false},"excerpt":{"rendered":"<p>Ish-kryeministri Sali Berisha ka zhvilluar nj\u00eb takim dit\u00ebn e sotme me avokat\u00ebt p\u00ebr t\u00eb biseduar mbi problematikat e sistemit t\u00eb drejt\u00ebsis\u00eb dhe hart\u00ebn e re gjyq\u00ebsore. N\u00eb fjal\u00ebn e tij Berisha tha se harta e re gjyq\u00ebsore \u00ebsht\u00eb n\u00eb kund\u00ebrshtim flagrant me parimet kushtetuese, ligjin p\u00ebr organizimin e drejt\u00ebsis\u00eb, si dhe Konvent\u00ebn Europiane p\u00ebr t\u00eb [&hellip;]<\/p>\n","protected":false},"author":2030,"featured_media":254632,"comment_status":"closed","ping_status":"closed","sticky":false,"template":"","format":"standard","meta":{"footnotes":""},"categories":[241,5380,231,1454],"tags":[],"class_list":{"0":"post-265483","1":"post","2":"type-post","3":"status-publish","4":"format-standard","5":"has-post-thumbnail","7":"category-aktualitet","8":"category-kryesore","9":"category-lajme","10":"category-politike"},"_links":{"self":[{"href":"https:\/\/zjarr.tv\/sq\/wp-json\/wp\/v2\/posts\/265483","targetHints":{"allow":["GET"]}}],"collection":[{"href":"https:\/\/zjarr.tv\/sq\/wp-json\/wp\/v2\/posts"}],"about":[{"href":"https:\/\/zjarr.tv\/sq\/wp-json\/wp\/v2\/types\/post"}],"author":[{"embeddable":true,"href":"https:\/\/zjarr.tv\/sq\/wp-json\/wp\/v2\/users\/2030"}],"replies":[{"embeddable":true,"href":"https:\/\/zjarr.tv\/sq\/wp-json\/wp\/v2\/comments?post=265483"}],"version-history":[{"count":0,"href":"https:\/\/zjarr.tv\/sq\/wp-json\/wp\/v2\/posts\/265483\/revisions"}],"wp:featuredmedia":[{"embeddable":true,"href":"https:\/\/zjarr.tv\/sq\/wp-json\/wp\/v2\/media\/254632"}],"wp:attachment":[{"href":"https:\/\/zjarr.tv\/sq\/wp-json\/wp\/v2\/media?parent=265483"}],"wp:term":[{"taxonomy":"category","embeddable":true,"href":"https:\/\/zjarr.tv\/sq\/wp-json\/wp\/v2\/categories?post=265483"},{"taxonomy":"post_tag","embeddable":true,"href":"https:\/\/zjarr.tv\/sq\/wp-json\/wp\/v2\/tags?post=265483"}],"curies":[{"name":"wp","href":"https:\/\/api.w.org\/{rel}","templated":true}]}}