{"id":266083,"date":"2022-06-24T08:44:30","date_gmt":"2022-06-24T06:44:30","guid":{"rendered":"https:\/\/zjarr.tv\/?p=266083"},"modified":"2022-06-24T08:44:30","modified_gmt":"2022-06-24T06:44:30","slug":"e-rende-ne-fier-makina-perplas-per-vdekje-15-vjecarin-me-biciklete-autori-nuk-i-shpeton-policise-emri","status":"publish","type":"post","link":"https:\/\/zjarr.tv\/sq\/e-rende-ne-fier-makina-perplas-per-vdekje-15-vjecarin-me-biciklete-autori-nuk-i-shpeton-policise-emri\/","title":{"rendered":"E R\u00cbND\u00cb n\u00eb Fier\/ Makina p\u00ebrplas p\u00ebr vdekje 15-vje\u00e7arin me bi\u00e7iklet\u00eb, autori nuk i shp\u00ebton policis\u00eb (EMRI)"},"content":{"rendered":"<p>Egzon Berisha, 29-vje\u00e7ari i cili p\u00ebrplasi p\u00ebr vdekje t\u00eb miturin mbr\u00ebmjen e djeshme n\u00eb aksin Hamil-D\u00ebrm\u00ebnas \u00ebsht\u00eb arrestuar nga policia.<\/p>\n<p>Uniformat blu b\u00ebjn\u00eb me dije se 15-vje\u00e7ari fatkeq\u00ebsisht nuk ka mundur t\u2019i mbijjetoj\u00eb plag\u00ebve t\u00eb marra dhe ka humbur jet\u00ebn gjat\u00eb or\u00ebve t\u00eb para t\u00eb m\u00ebngjesit n\u00eb spitalin e Fierit.<\/p>\n<p>Aksidenti tragjik ndodhi mbr\u00ebmjen e djeshme rreth or\u00ebs 22:00, ku Egzon Berisha, p\u00ebrplasi me automjetin e tij shtetasin e mitur i cili po udh\u00ebtonte me bi\u00e7iklet\u00eb.<\/p>\n<p>Berisha pas aksidentit u largua menj\u00ebher\u00eb nga vendi i ngjarjes duk\u00eb l\u00ebn\u00eb 15-vje\u00e7arin aty.<\/p>\n<p>Njoftimi i plot\u00eb i Policis\u00eb:<\/p>\n<p>Fier<\/p>\n<p>Specialist\u00ebt e Sektorit t\u00eb Qarkullimit Rrugor n\u00eb DVP Fier arrestuan n\u00eb flagranc\u00eb shtetasin E. B., 29 vje\u00e7, banues n\u00eb D\u00ebrm\u00ebnas, Fier, pasi n\u00eb dat\u00eb 23.06.2022, rreth or\u00ebs 22:00, n\u00eb aksin rrugor Hamil-D\u00ebrm\u00ebnas, duke drejtuar automjetin tip \u201cAudi\u201d, ka p\u00ebrplasur shtetasin e mitur 15 vje\u00e7, banues n\u00eb Hamil, i cili po udh\u00ebtonte me biciklet\u00eb, dhe \u00ebsht\u00eb larguar nga vendngjarja.<\/p>\n<p>Shtetasi i mitur ka nd\u00ebrruar jet\u00eb rreth or\u00ebs 02:00 n\u00eb spitalin e Fierit.<\/p>\n<p>Materialet i kaluan Prokuroris\u00eb, p\u00ebr veprime t\u00eb m\u00ebtejshme procedurale p\u00ebr veprat penale \u201cShkelja e rregullave t\u00eb qarkullimit rrugor\u201d dhe \u201cLargim nga vendi i aksidentit\u201d.<\/p>\n","protected":false},"excerpt":{"rendered":"<p>Egzon Berisha, 29-vje\u00e7ari i cili p\u00ebrplasi p\u00ebr vdekje t\u00eb miturin mbr\u00ebmjen e djeshme n\u00eb aksin Hamil-D\u00ebrm\u00ebnas \u00ebsht\u00eb arrestuar nga policia. Uniformat blu b\u00ebjn\u00eb me dije se 15-vje\u00e7ari fatkeq\u00ebsisht nuk ka mundur t\u2019i mbijjetoj\u00eb plag\u00ebve t\u00eb marra dhe ka humbur jet\u00ebn gjat\u00eb or\u00ebve t\u00eb para t\u00eb m\u00ebngjesit n\u00eb spitalin e Fierit. Aksidenti tragjik ndodhi mbr\u00ebmjen e [&hellip;]<\/p>\n","protected":false},"author":2031,"featured_media":266084,"comment_status":"closed","ping_status":"closed","sticky":false,"template":"","format":"standard","meta":{"footnotes":""},"categories":[241,231,235],"tags":[],"class_list":{"0":"post-266083","1":"post","2":"type-post","3":"status-publish","4":"format-standard","5":"has-post-thumbnail","7":"category-aktualitet","8":"category-lajme","9":"category-vendi"},"_links":{"self":[{"href":"https:\/\/zjarr.tv\/sq\/wp-json\/wp\/v2\/posts\/266083","targetHints":{"allow":["GET"]}}],"collection":[{"href":"https:\/\/zjarr.tv\/sq\/wp-json\/wp\/v2\/posts"}],"about":[{"href":"https:\/\/zjarr.tv\/sq\/wp-json\/wp\/v2\/types\/post"}],"author":[{"embeddable":true,"href":"https:\/\/zjarr.tv\/sq\/wp-json\/wp\/v2\/users\/2031"}],"replies":[{"embeddable":true,"href":"https:\/\/zjarr.tv\/sq\/wp-json\/wp\/v2\/comments?post=266083"}],"version-history":[{"count":0,"href":"https:\/\/zjarr.tv\/sq\/wp-json\/wp\/v2\/posts\/266083\/revisions"}],"wp:featuredmedia":[{"embeddable":true,"href":"https:\/\/zjarr.tv\/sq\/wp-json\/wp\/v2\/media\/266084"}],"wp:attachment":[{"href":"https:\/\/zjarr.tv\/sq\/wp-json\/wp\/v2\/media?parent=266083"}],"wp:term":[{"taxonomy":"category","embeddable":true,"href":"https:\/\/zjarr.tv\/sq\/wp-json\/wp\/v2\/categories?post=266083"},{"taxonomy":"post_tag","embeddable":true,"href":"https:\/\/zjarr.tv\/sq\/wp-json\/wp\/v2\/tags?post=266083"}],"curies":[{"name":"wp","href":"https:\/\/api.w.org\/{rel}","templated":true}]}}