{"id":266092,"date":"2022-06-24T08:49:51","date_gmt":"2022-06-24T06:49:51","guid":{"rendered":"https:\/\/zjarr.tv\/?p=266092"},"modified":"2022-06-24T08:49:51","modified_gmt":"2022-06-24T06:49:51","slug":"operacionalja-kontrolle-per-persona-me-arme-skanohen-edhe-makinat-per-droge","status":"publish","type":"post","link":"https:\/\/zjarr.tv\/sq\/operacionalja-kontrolle-per-persona-me-arme-skanohen-edhe-makinat-per-droge\/","title":{"rendered":"Operacionalja kontrolle p\u00ebr persona me arm\u00eb, \u201cskanohen\u201d edhe makinat p\u00ebr drog\u00eb"},"content":{"rendered":"<p>Efektiv\u00eb t\u00eb Forc\u00ebs Operacionale, Shqiponjave dhe Policis\u00eb Rrugore t\u00eb Tiran\u00ebs, kan\u00eb dal\u00eb mbr\u00ebmjen e sotme n\u00eb rrug\u00ebt e kryeqytetit, n\u00eb kuad\u00ebr t\u00eb planit t\u00eb masave p\u00ebr rritjen e parametrave t\u00eb siguris\u00eb.<\/p>\n<p>Po b\u00ebhen kontrolle p\u00ebr kapjen e personave t\u00eb shpallur n\u00eb k\u00ebrkim, atyre q\u00eb qarkullojn\u00eb me automjete me xhama t\u00eb zinj t\u00eb pacertifikuar apo q\u00eb drejtojn\u00eb mjetet n\u00ebn efektin e alkoolit, n\u00eb gjendje t\u00eb dehur ose n\u00ebn efektin e drogave.<\/p>\n<p>Gjithashtu, Komisariatet n\u00eb var\u00ebsi t\u00eb DVP Tiran\u00eb, Forcat e Posa\u00e7me \u201cShqiponja\u201d, Forcat Operacionale, dhe Policia Rrugore jan\u00eb duke zhvilluar kontrolle t\u00eb shumta n\u00eb kryeqytet, p\u00ebr kapjen e personave q\u00eb qarkullojn\u00eb me arm\u00eb zjarri apo me l\u00ebnd\u00eb narkotike<\/p>\n<p>Kontrollet do t\u00eb vijojn\u00eb n\u00eb t\u00eb gjith\u00eb qarkun. Edhe dit\u00eb m\u00eb par\u00eb kontrolle t\u00eb tilla jan\u00eb zhvilluar n\u00eb Tiran\u00eb dhe n\u00eb qytete t\u00eb tjera t\u00eb vendit.<\/p>\n","protected":false},"excerpt":{"rendered":"<p>Efektiv\u00eb t\u00eb Forc\u00ebs Operacionale, Shqiponjave dhe Policis\u00eb Rrugore t\u00eb Tiran\u00ebs, kan\u00eb dal\u00eb mbr\u00ebmjen e sotme n\u00eb rrug\u00ebt e kryeqytetit, n\u00eb kuad\u00ebr t\u00eb planit t\u00eb masave p\u00ebr rritjen e parametrave t\u00eb siguris\u00eb. Po b\u00ebhen kontrolle p\u00ebr kapjen e personave t\u00eb shpallur n\u00eb k\u00ebrkim, atyre q\u00eb qarkullojn\u00eb me automjete me xhama t\u00eb zinj t\u00eb pacertifikuar apo q\u00eb [&hellip;]<\/p>\n","protected":false},"author":2031,"featured_media":266093,"comment_status":"closed","ping_status":"closed","sticky":false,"template":"","format":"standard","meta":{"footnotes":""},"categories":[241,231,235],"tags":[],"class_list":{"0":"post-266092","1":"post","2":"type-post","3":"status-publish","4":"format-standard","5":"has-post-thumbnail","7":"category-aktualitet","8":"category-lajme","9":"category-vendi"},"_links":{"self":[{"href":"https:\/\/zjarr.tv\/sq\/wp-json\/wp\/v2\/posts\/266092","targetHints":{"allow":["GET"]}}],"collection":[{"href":"https:\/\/zjarr.tv\/sq\/wp-json\/wp\/v2\/posts"}],"about":[{"href":"https:\/\/zjarr.tv\/sq\/wp-json\/wp\/v2\/types\/post"}],"author":[{"embeddable":true,"href":"https:\/\/zjarr.tv\/sq\/wp-json\/wp\/v2\/users\/2031"}],"replies":[{"embeddable":true,"href":"https:\/\/zjarr.tv\/sq\/wp-json\/wp\/v2\/comments?post=266092"}],"version-history":[{"count":0,"href":"https:\/\/zjarr.tv\/sq\/wp-json\/wp\/v2\/posts\/266092\/revisions"}],"wp:featuredmedia":[{"embeddable":true,"href":"https:\/\/zjarr.tv\/sq\/wp-json\/wp\/v2\/media\/266093"}],"wp:attachment":[{"href":"https:\/\/zjarr.tv\/sq\/wp-json\/wp\/v2\/media?parent=266092"}],"wp:term":[{"taxonomy":"category","embeddable":true,"href":"https:\/\/zjarr.tv\/sq\/wp-json\/wp\/v2\/categories?post=266092"},{"taxonomy":"post_tag","embeddable":true,"href":"https:\/\/zjarr.tv\/sq\/wp-json\/wp\/v2\/tags?post=266092"}],"curies":[{"name":"wp","href":"https:\/\/api.w.org\/{rel}","templated":true}]}}