{"id":266096,"date":"2022-06-24T08:52:45","date_gmt":"2022-06-24T06:52:45","guid":{"rendered":"https:\/\/zjarr.tv\/?p=266096"},"modified":"2022-06-24T08:52:45","modified_gmt":"2022-06-24T06:52:45","slug":"kelyshi-u-be-buce-dhe-shqeu-sali-berishen-kryemadhi-shperthen-ndaj-lulzim-bashes","status":"publish","type":"post","link":"https:\/\/zjarr.tv\/sq\/kelyshi-u-be-buce-dhe-shqeu-sali-berishen-kryemadhi-shperthen-ndaj-lulzim-bashes\/","title":{"rendered":"\u201cK\u00eblyshi u b\u00eb bu\u00e7e dhe shqeu Sali Berish\u00ebn\u201d, Kryemadhi \u201cshp\u00ebrthen\u201d ndaj Lulzim Bash\u00ebs"},"content":{"rendered":"<p>\u201cPo pse kush ja futi Sali Berish\u00ebs? Nuk ia futi k\u00eblyshi i vet\u00eb? K\u00eblyshi u b\u00eb bu\u00e7e dhe e shqeu?\u201d<\/p>\n<p>K\u00ebshtu \u00ebsht\u00eb shprehur mbr\u00ebmjen e sotme Monika Kryemadhi, teksa fliste p\u00ebr at\u00eb q\u00eb ajo e quajti \u201ctradhti\u201d t\u00eb Partis\u00eb Demokratike ndaj LSI gjat\u00eb koalicionit p\u00ebr zgjedhjet e 25 prillit. Sipas saj, Basha i mori kat\u00ebr mandate deputet\u00ebsh.<\/p>\n<p>E ftuar n\u00eb emisionin \u201cT\u00eb Paekspozuarit\u201d, Kryemadhi debatoi me Ylli Rakipin, sepse ky i fundit i tha se ishte ajo e paaft\u00eb meq\u00eb Basha i kishte vjedhur edhe n\u00eb koalicion. \u201cMire b\u00ebri kur je e paaft\u00eb. Po t\u00eb vodhi aleati yt, do t\u00eb thot\u00eb q\u00eb je e paaft\u00eb\u201d, shtoi moderatori.<\/p>\n<p>Ylli Rakipi: Kur e more vesh ti? (tradhtin\u00eb e Lulit)<\/p>\n<p>Monika Kryemadhi: N\u00eb 25 prill.<\/p>\n<p>Ylli Rakipi: Epo qenke e paaft\u00eb. Ti jepje jet\u00ebn p\u00ebr Bash\u00ebn. T\u00eb vrisje po t\u00eb thoshe nj\u00eb fjal\u00eb p\u00ebr Bash\u00ebn\u2026<\/p>\n<p>Monika Kryemadhi: Kat\u00ebr mandate i ka vjedhur PD-ja, LSI-s\u00eb dhe ia ka dh\u00ebn\u00eb PS-s\u00eb.<\/p>\n<p>Ylli Rakipi: Mire b\u00ebri kur je e paaft\u00eb. Po t\u00eb vodhi aleati yt, do t\u00eb thot\u00eb q\u00eb je e paaft\u00eb.<\/p>\n<p>Monika Kryemadhi: Edhe ti kur ke ikur nga televizionet ishe i paaft\u00eb? Ti shkon p\u00ebr t\u00eb b\u00ebr\u00eb pun\u00eb t\u00eb mir\u00eb dhe t\u00eb fusin thik\u00ebn pas shqpine.<\/p>\n<p>Ylli Rakipi: Dhjet\u00eb vjet nuk quhet futje, por dashuri. Zonj\u00eb e nderuar, nj\u00eb vit pasi kan\u00eb mbaruar zgjedhjet, vjen dhe thua m\u00eb vodhi Luli.<\/p>\n<p>Monika Kryemadhi: E kam th\u00ebn\u00eb q\u00eb n\u00eb n\u00ebntor un\u00eb k\u00ebt\u00eb.<\/p>\n<p>Ylli Rakipi: Po ju paskeni mbajtur gjarprin\u2026 Dhe ju nuk jeni fare n\u00eb rregull.<\/p>\n<p>Monika Kryemadhi: Po pse kush ja futi Sali Berish\u00ebs? Nuk ia futi k\u00eblyshi i vet\u00eb? K\u00eblyshi u b\u00eb bu\u00e7e dhe e shqeu?<\/p>\n","protected":false},"excerpt":{"rendered":"<p>\u201cPo pse kush ja futi Sali Berish\u00ebs? Nuk ia futi k\u00eblyshi i vet\u00eb? K\u00eblyshi u b\u00eb bu\u00e7e dhe e shqeu?\u201d K\u00ebshtu \u00ebsht\u00eb shprehur mbr\u00ebmjen e sotme Monika Kryemadhi, teksa fliste p\u00ebr at\u00eb q\u00eb ajo e quajti \u201ctradhti\u201d t\u00eb Partis\u00eb Demokratike ndaj LSI gjat\u00eb koalicionit p\u00ebr zgjedhjet e 25 prillit. Sipas saj, Basha i mori kat\u00ebr [&hellip;]<\/p>\n","protected":false},"author":2031,"featured_media":266097,"comment_status":"closed","ping_status":"closed","sticky":false,"template":"","format":"standard","meta":{"footnotes":""},"categories":[241,231,235],"tags":[],"class_list":{"0":"post-266096","1":"post","2":"type-post","3":"status-publish","4":"format-standard","5":"has-post-thumbnail","7":"category-aktualitet","8":"category-lajme","9":"category-vendi"},"_links":{"self":[{"href":"https:\/\/zjarr.tv\/sq\/wp-json\/wp\/v2\/posts\/266096","targetHints":{"allow":["GET"]}}],"collection":[{"href":"https:\/\/zjarr.tv\/sq\/wp-json\/wp\/v2\/posts"}],"about":[{"href":"https:\/\/zjarr.tv\/sq\/wp-json\/wp\/v2\/types\/post"}],"author":[{"embeddable":true,"href":"https:\/\/zjarr.tv\/sq\/wp-json\/wp\/v2\/users\/2031"}],"replies":[{"embeddable":true,"href":"https:\/\/zjarr.tv\/sq\/wp-json\/wp\/v2\/comments?post=266096"}],"version-history":[{"count":0,"href":"https:\/\/zjarr.tv\/sq\/wp-json\/wp\/v2\/posts\/266096\/revisions"}],"wp:featuredmedia":[{"embeddable":true,"href":"https:\/\/zjarr.tv\/sq\/wp-json\/wp\/v2\/media\/266097"}],"wp:attachment":[{"href":"https:\/\/zjarr.tv\/sq\/wp-json\/wp\/v2\/media?parent=266096"}],"wp:term":[{"taxonomy":"category","embeddable":true,"href":"https:\/\/zjarr.tv\/sq\/wp-json\/wp\/v2\/categories?post=266096"},{"taxonomy":"post_tag","embeddable":true,"href":"https:\/\/zjarr.tv\/sq\/wp-json\/wp\/v2\/tags?post=266096"}],"curies":[{"name":"wp","href":"https:\/\/api.w.org\/{rel}","templated":true}]}}