{"id":266104,"date":"2022-06-24T09:06:22","date_gmt":"2022-06-24T07:06:22","guid":{"rendered":"https:\/\/zjarr.tv\/?p=266104"},"modified":"2022-06-24T09:06:22","modified_gmt":"2022-06-24T07:06:22","slug":"cfare-do-i-thoni-popullit-shqiptar-qe-ka-30-vjet-qe-ju-pret-macron-zbulon-planin-per-te-zhbllokuar-negociatat-javen-e-ardhshme","status":"publish","type":"post","link":"https:\/\/zjarr.tv\/sq\/cfare-do-i-thoni-popullit-shqiptar-qe-ka-30-vjet-qe-ju-pret-macron-zbulon-planin-per-te-zhbllokuar-negociatat-javen-e-ardhshme\/","title":{"rendered":"\u201c\u00c7far\u00eb do i thoni popullit shqiptar q\u00eb ka 30 vjet q\u00eb ju pret\u201d, Macron zbulon planin p\u00ebr t\u00eb zhbllokuar negociatat jav\u00ebn e ardhshme"},"content":{"rendered":"<p>Shqip\u00ebria dhe Maqedonia e Veriut dit\u00ebn e djeshme n\u00eb dit\u00ebn e par\u00eb t\u00eb Samitit t\u00eb BE me Blalkanin Per\u00ebndimor i humb\u00ebn shpresat p\u00ebr t\u00eb marr\u00eb nj\u00eb drit\u00eb jeshile n\u00eb rrug\u00ebn e tyre t\u00eb integrimit pas vetos nga Bullgaria.<\/p>\n<p>Nd\u00ebrkoh\u00eb, dit\u00ebn e djeshme xhirron e rrjetit b\u00ebri edhe nj\u00eb video ku kreu i qeveris\u00eb shqiptare dukej se debatonte me Presidentin e Franc\u00ebs, Emanuel Macron pak para shkrepjes s\u00eb fotos zyrtare.<\/p>\n<p>Pasi \u00ebsht\u00eb pyetur se pse presidenca franceze (janar-qershor 2022) \u00ebsht\u00eb treguar e paaft\u00eb p\u00ebr t\u2019i dh\u00ebn\u00eb nj\u00eb zgjidhje negociatave t\u00eb an\u00ebtar\u00ebsimit, Macron u shpreh se gjat\u00eb jav\u00ebs n\u00eb vijim shpreson q\u00eb marr\u00ebveshja e propozuar nga Franca t\u00eb arrihet mes pal\u00ebve.<\/p>\n<p>\u201c\u00c7far\u00eb i thoni ju sonte popullit shqiptar q\u00eb ka 30 vjet q\u00eb pret n\u00eb dyert e Europ\u00ebs, nj\u00eb der\u00eb q\u00eb nuk \u00ebsht\u00eb hapur ende krejt\u00ebsisht?\u201d, u pyet Macron, i cili u p\u00ebrgjigj duke th\u00ebn\u00eb se ajo \u00e7ka po ndodh nuk \u00ebsht\u00eb e drejt\u00eb.<\/p>\n<p>\u201cS\u00eb pari, \u00ebsht\u00eb e v\u00ebrtet\u00eb q\u00eb Maqedonia e Veriut ka b\u00ebr\u00eb nj\u00eb pun\u00eb historike me nj\u00eb kurajo t\u00eb lider\u00ebve historik\u00eb, si Zoran Zaev  q\u00eb kan\u00eb marr\u00eb p\u00ebrsip\u00ebr t\u00eb gjitha rreziqet e nevojshme p\u00ebr t\u00eb ndryshuar emrin e vendit dhe p\u00ebr t\u00eb ndryshuar Kushtetut\u00ebn e vendit. M\u00eb tej nj\u00eb shtet an\u00ebtar ka nd\u00ebrhyr\u00eb me vones\u00eb dhe ka k\u00ebrkuar q\u00eb t\u00eb ket\u00eb ndryshime. Ne nuk mund t\u00eb b\u00ebjm\u00eb sikur problemi nuk ekziston. A \u00ebsht\u00eb e drejt\u00eb ndaj Maqedonis\u00eb s\u00eb Veriut? Do jua them me shum\u00eb sinqeritet: Jo. \u00cbsht\u00eb p\u00ebr k\u00ebt\u00eb arsye q\u00eb ne kemi ushtruar shum\u00eb presion mbi Bullgarin\u00eb k\u00ebto muajt e fundit. \u00cbsht\u00eb gjithashtu dhe fryti (arsyeja) e nj\u00eb krize aktuale politike n\u00eb Bullgari dhe nuk mund t\u00eb b\u00ebjm\u00eb sikur kjo gj\u00eb nuk ka ndodhur. Dua t\u00eb p\u00ebrsh\u00ebndes kurajon dhe angazhimin politik t\u00eb kryeministrit Petkov (kryeministrit bullgar) n\u00eb k\u00ebt\u00eb kontekst. Ai ka b\u00ebr\u00eb gjith\u00e7ka. Ne jemi shum\u00eb af\u00ebr nj\u00eb marr\u00ebveshjeje. Ne kemi b\u00ebr\u00eb nj\u00eb propozim, si\u00e7 e dini n\u00eb bashk\u00ebpunim t\u00eb ngusht\u00eb me t\u00eb dyja pal\u00ebt, q\u00eb mund\u00ebson marrjen n\u00eb konsiderat\u00eb t\u00eb k\u00ebrkesave bullgare dhe q\u00eb \u00ebsht\u00eb n\u00eb p\u00ebrputhje me at\u00eb q\u00eb Maqedonia e Veriut mund t\u00eb pranoj\u00eb.<\/p>\n<p> E gjitha kjo supozon krijimin e vizibilitetit dhe besimit midis pal\u00ebve. Do t\u00eb ket\u00eb nj\u00eb votim mbi propozimin francez brenda disa or\u00ebsh n\u00eb parlamentin bullgar dhe shpresoj q\u00eb t\u00eb gjitha partit\u00eb politike do t\u00eb shprehin mb\u00ebshtetje. Presidenti i Republik\u00ebs duhet t\u00eb angazhohet dhe ne kemi shpresa p\u00ebr k\u00ebt\u00eb, partit\u00eb e koalicionit, partit\u00eb q\u00eb dol\u00ebn nga koalicioni dhe opozita t\u00eb votojn\u00eb propozimin francez. Kan\u00eb detyr\u00ebn e tyre europiane p\u00ebr t\u00eb votuar mbi baz\u00ebn e asaj q\u00eb kemi arritur. Dhe m\u00eb pas, n\u00eb or\u00ebt q\u00eb vijojn\u00eb do takohemi me p\u00ebrfaq\u00ebsuesit e Maqedonis\u00eb s\u00eb Veriut p\u00ebr t\u00eb finalizuar k\u00ebt\u00eb marr\u00ebveshje. N\u00ebse e gjitha kjo avancon n\u00eb k\u00ebt\u00eb m\u00ebnyr\u00eb, at\u00ebher\u00eb ne mund t\u00eb ecim p\u00ebrpara duke filluar q\u00eb nga java e ardhshme, duke filluar nga organi i ambasador\u00ebve t\u00eb p\u00ebrhersh\u00ebm t\u00eb BE-s\u00eb e m\u00eb pas duke vijuar me procedur\u00ebn dhe t\u00eb mund t\u00eb avancojm\u00eb k\u00ebshtu me k\u00ebt\u00eb projekt me Maqedonin\u00eb e Veriut dhe Shqip\u00ebrin\u00eb. Por keni t\u00eb drejt\u00eb, ata kan\u00eb pritur shum\u00eb duke marr\u00eb  parasysh t\u00eb gjitha p\u00ebrpjekjet q\u00eb kan\u00eb b\u00ebr\u00eb\u201d, tha Macron.<\/p>\n","protected":false},"excerpt":{"rendered":"<p>Shqip\u00ebria dhe Maqedonia e Veriut dit\u00ebn e djeshme n\u00eb dit\u00ebn e par\u00eb t\u00eb Samitit t\u00eb BE me Blalkanin Per\u00ebndimor i humb\u00ebn shpresat p\u00ebr t\u00eb marr\u00eb nj\u00eb drit\u00eb jeshile n\u00eb rrug\u00ebn e tyre t\u00eb integrimit pas vetos nga Bullgaria. Nd\u00ebrkoh\u00eb, dit\u00ebn e djeshme xhirron e rrjetit b\u00ebri edhe nj\u00eb video ku kreu i qeveris\u00eb shqiptare dukej [&hellip;]<\/p>\n","protected":false},"author":2031,"featured_media":266105,"comment_status":"closed","ping_status":"closed","sticky":false,"template":"","format":"standard","meta":{"footnotes":""},"categories":[241,231,235],"tags":[],"class_list":{"0":"post-266104","1":"post","2":"type-post","3":"status-publish","4":"format-standard","5":"has-post-thumbnail","7":"category-aktualitet","8":"category-lajme","9":"category-vendi"},"_links":{"self":[{"href":"https:\/\/zjarr.tv\/sq\/wp-json\/wp\/v2\/posts\/266104","targetHints":{"allow":["GET"]}}],"collection":[{"href":"https:\/\/zjarr.tv\/sq\/wp-json\/wp\/v2\/posts"}],"about":[{"href":"https:\/\/zjarr.tv\/sq\/wp-json\/wp\/v2\/types\/post"}],"author":[{"embeddable":true,"href":"https:\/\/zjarr.tv\/sq\/wp-json\/wp\/v2\/users\/2031"}],"replies":[{"embeddable":true,"href":"https:\/\/zjarr.tv\/sq\/wp-json\/wp\/v2\/comments?post=266104"}],"version-history":[{"count":0,"href":"https:\/\/zjarr.tv\/sq\/wp-json\/wp\/v2\/posts\/266104\/revisions"}],"wp:featuredmedia":[{"embeddable":true,"href":"https:\/\/zjarr.tv\/sq\/wp-json\/wp\/v2\/media\/266105"}],"wp:attachment":[{"href":"https:\/\/zjarr.tv\/sq\/wp-json\/wp\/v2\/media?parent=266104"}],"wp:term":[{"taxonomy":"category","embeddable":true,"href":"https:\/\/zjarr.tv\/sq\/wp-json\/wp\/v2\/categories?post=266104"},{"taxonomy":"post_tag","embeddable":true,"href":"https:\/\/zjarr.tv\/sq\/wp-json\/wp\/v2\/tags?post=266104"}],"curies":[{"name":"wp","href":"https:\/\/api.w.org\/{rel}","templated":true}]}}