{"id":266379,"date":"2022-06-25T13:54:42","date_gmt":"2022-06-25T11:54:42","guid":{"rendered":"https:\/\/zjarr.tv\/?p=266379"},"modified":"2022-06-25T13:54:42","modified_gmt":"2022-06-25T11:54:42","slug":"rama-ne-austri-pas-kancelarit-takohet-me-hasijen-je-me-ylli-nga-te-gjitha","status":"publish","type":"post","link":"https:\/\/zjarr.tv\/sq\/rama-ne-austri-pas-kancelarit-takohet-me-hasijen-je-me-ylli-nga-te-gjitha\/","title":{"rendered":"Rama n\u00eb Austri, pas kancelarit takohet me Hasijen: Je m\u00eb ylli nga t\u00eb gjitha"},"content":{"rendered":"<p>Kryeministri Edi Rama ndodhet sot n\u00eb Austri ku \u00ebsht\u00eb takuar me kancelarin Karl Nehammer. Sapo ka mbaruar takimin atje, Rama \u00ebsht\u00eb p\u00ebrsh\u00ebndetur n\u00eb shqip nga nj\u00eb zonj\u00eb shqiptare e Maqedonis\u00eb s\u00eb Veriut.<\/p>\n<p>Menj\u00ebher\u00eb kryeministri ka nxjerr celularin dhe ka nisur t\u00eb b\u00ebj\u00eb nj\u00eb \u201cvideo-selfie\u201d me t\u00eb. Zonja me emrin Hasije p\u00ebrsh\u00ebndeti dhe vet\u00eb nga celulari i Ram\u00ebs dhe tha se ishte shum\u00eb e lumtur q\u00eb ishte takuar me kryeministrin shqiptar.<\/p>\n<p>Edi Rama: Jam k\u00ebtu me kancelarin austriak dhe Hasijen. Me kancelarin austriak sapo mbaruam, me Hasijen sapo u takuam. M\u00eb p\u00ebrsh\u00ebndeti shqip. Kur e pyeti gazetari je nga Shqip\u00ebria apo nga Kosova. Tha jo, jam nga Maqedonia e Veriut, se ne jemi shqiptar\u00eb gjithandej. Hasije p\u00ebrsh\u00ebndeti pak shqiptar\u00ebt tashti.<\/p>\n<p>Hasija: Ju p\u00ebrsh\u00ebndes t\u00eb gjith\u00ebve. Jam shum\u00eb e lumtur q\u00eb e takova kryetarin q\u00eb p\u00ebr her\u00eb t\u00eb par\u00eb n\u00eb jet\u00ebn time. M\u00eb 58 vjet e takoj dhe jam shum\u00eb shum\u00eb krenare q\u00eb e vetmja shqiptare n\u00eb Austri q\u00eb jam takuar me kryetarin.<\/p>\n<p>Edi Rama: Ka dhe shqiptare t\u00eb tjera q\u00eb jan\u00eb takuar me mua<\/p>\n<p>Hasije: Jo un\u00eb jam (qesh)<\/p>\n<p>Edi Rama: Po nga k\u00ebto t\u00eb Maqedonis\u00eb s\u00eb Veriut, ti je m\u00eb ylli nga t\u00eb gjitha Hasije. P\u00ebrsh\u00ebndetje t\u00eb gjith\u00ebve n\u00eb Maqedonin\u00eb e Veriut, n\u00eb Shqip\u00ebri, n\u00eb Kosov\u00eb, n\u00eb Malin e Zi, n\u00eb Lugin\u00ebn e Preshev\u00ebs, nga Hasija dhe nga un\u00eb.<\/p>\n","protected":false},"excerpt":{"rendered":"<p>Kryeministri Edi Rama ndodhet sot n\u00eb Austri ku \u00ebsht\u00eb takuar me kancelarin Karl Nehammer. Sapo ka mbaruar takimin atje, Rama \u00ebsht\u00eb p\u00ebrsh\u00ebndetur n\u00eb shqip nga nj\u00eb zonj\u00eb shqiptare e Maqedonis\u00eb s\u00eb Veriut. Menj\u00ebher\u00eb kryeministri ka nxjerr celularin dhe ka nisur t\u00eb b\u00ebj\u00eb nj\u00eb \u201cvideo-selfie\u201d me t\u00eb. Zonja me emrin Hasije p\u00ebrsh\u00ebndeti dhe vet\u00eb nga celulari [&hellip;]<\/p>\n","protected":false},"author":2020,"featured_media":266380,"comment_status":"closed","ping_status":"closed","sticky":false,"template":"","format":"standard","meta":{"footnotes":""},"categories":[241,5380,231],"tags":[],"class_list":{"0":"post-266379","1":"post","2":"type-post","3":"status-publish","4":"format-standard","5":"has-post-thumbnail","7":"category-aktualitet","8":"category-kryesore","9":"category-lajme"},"_links":{"self":[{"href":"https:\/\/zjarr.tv\/sq\/wp-json\/wp\/v2\/posts\/266379","targetHints":{"allow":["GET"]}}],"collection":[{"href":"https:\/\/zjarr.tv\/sq\/wp-json\/wp\/v2\/posts"}],"about":[{"href":"https:\/\/zjarr.tv\/sq\/wp-json\/wp\/v2\/types\/post"}],"author":[{"embeddable":true,"href":"https:\/\/zjarr.tv\/sq\/wp-json\/wp\/v2\/users\/2020"}],"replies":[{"embeddable":true,"href":"https:\/\/zjarr.tv\/sq\/wp-json\/wp\/v2\/comments?post=266379"}],"version-history":[{"count":0,"href":"https:\/\/zjarr.tv\/sq\/wp-json\/wp\/v2\/posts\/266379\/revisions"}],"wp:featuredmedia":[{"embeddable":true,"href":"https:\/\/zjarr.tv\/sq\/wp-json\/wp\/v2\/media\/266380"}],"wp:attachment":[{"href":"https:\/\/zjarr.tv\/sq\/wp-json\/wp\/v2\/media?parent=266379"}],"wp:term":[{"taxonomy":"category","embeddable":true,"href":"https:\/\/zjarr.tv\/sq\/wp-json\/wp\/v2\/categories?post=266379"},{"taxonomy":"post_tag","embeddable":true,"href":"https:\/\/zjarr.tv\/sq\/wp-json\/wp\/v2\/tags?post=266379"}],"curies":[{"name":"wp","href":"https:\/\/api.w.org\/{rel}","templated":true}]}}