{"id":266382,"date":"2022-06-25T14:09:33","date_gmt":"2022-06-25T12:09:33","guid":{"rendered":"https:\/\/zjarr.tv\/?p=266382"},"modified":"2022-06-25T14:09:33","modified_gmt":"2022-06-25T12:09:33","slug":"sami-frasheri-eshte-gati-erion-veliaj-basti-i-atyre-qe-bllokojne-punet-eshte-i-humbur","status":"publish","type":"post","link":"https:\/\/zjarr.tv\/sq\/sami-frasheri-eshte-gati-erion-veliaj-basti-i-atyre-qe-bllokojne-punet-eshte-i-humbur\/","title":{"rendered":"\u201cSami Frash\u00ebri\u201d \u00ebsht\u00eb gati, Erion Veliaj: Basti i atyre q\u00eb bllokojn\u00eb pun\u00ebt \u00ebsht\u00eb i humbur"},"content":{"rendered":"<p>Kreu i Bashkis\u00eb s\u00eb Tiran\u00ebs Erion Veliaj, zhvilloi nj\u00eb inspektim t\u00eb fundit mbi ecurin\u00eb e punimeve n\u00eb shkoll\u00ebn \u201cSami Frash\u00ebri\u201d, p\u00ebr t\u00eb cil\u00ebn tha se \u00ebsht\u00eb qershia mbi tort\u00eb e projektit p\u00ebr nd\u00ebrtimin e mbi 40 shkollave n\u00eb Tiran\u00eb.<\/p>\n<p>\u201cDo jet\u00eb shkolla m\u00eb e madhe dhe m\u00eb e bukur n\u00eb Republik\u00ebn e Shqip\u00ebris\u00eb. \u201cSami Frash\u00ebri\u201d u d\u00ebmtua nga t\u00ebrmeti dhe fatkeq\u00ebsisht u politizua. U them koleg\u00ebve t\u00eb mi n\u00eb an\u00ebn tjet\u00ebr t\u00eb politik\u00ebs: Mos vini bast kund\u00ebr progresit, mos vini bast kund\u00ebr s\u00eb ardhmes, sepse \u00ebsht\u00eb bast i humbur! Kush kacavirret p\u00ebr t\u00eb bllokuar nj\u00ebher\u00eb k\u00ebndin e loj\u00ebrave, pastaj nj\u00eb shkoll\u00eb, e mandej nj\u00eb shesh, Pazarin, Kalan\u00eb e Liqenin, \u00ebsht\u00eb i destinuar t\u00eb humb\u00eb sepse qyteti \u00ebsht\u00eb i destinuar t\u00eb fitoj\u00eb. Kjo shkoll\u00eb ka prodhuar gjysm\u00ebn e qeveris\u00eb son\u00eb, por ka prodhuar edhe m\u00eb shum\u00eb se gjysm\u00ebn e opozit\u00ebs son\u00eb. T\u00eb zihemi p\u00ebr shkolla n\u00eb vitin 2022, duke bllokuar pun\u00ebt publike, \u00ebsht\u00eb nj\u00eb stil i vjet\u00ebr i sh\u00ebmtuar\u201d, tha Veliaj.<\/p>\n<p>Kryebashkiaku shtoi se nuk \u00ebsht\u00eb aspak e hijshme t\u00eb bllokohen pun\u00ebt e mira dhe cil\u00ebsore. \u201cT\u00eb zihemi p\u00ebr shkolla n\u00eb vitin 2022 \u00ebsht\u00eb stili q\u00eb mbajm\u00eb mend nga \u201cSamiu\u201d i viteve \u201896-\u201997-\u201998. Por, ajo ishte nj\u00eb Shqip\u00ebri tjet\u00ebr, e cila jetonte me kriz\u00ebn e piramidave. K\u00ebt\u00eb s\u2019mund ta themi n\u00eb vitin 2022. Vet\u00ebm kjo shkoll\u00eb ka nj\u00eb kontribut t\u00eb jasht\u00ebzakonsh\u00ebm p\u00ebr emancipimin e vendit, p\u00ebrfshir\u00eb t\u00eb gjith\u00eb krah\u00ebt e politik\u00ebs. Ndaj, \u00ebsht\u00eb shum\u00eb e r\u00ebnd\u00ebsishme t\u00eb ecim p\u00ebrpara, t\u00eb sigurohemi q\u00eb brezi i ri m\u00ebson nga gabimet e brezit ton\u00eb dhe brezit m\u00eb p\u00ebrpara, p\u00ebr t\u00eb mos penguar nj\u00ebri-tjetrin dhe p\u00ebr t\u00eb mos penguar progresin e qytetit dhe vendit ton\u00eb\u201d, n\u00ebnvizoi ai.<\/p>\n<p>Kreu i Bashkis\u00eb tha se kjo do t\u00eb jet\u00eb shkolla e s\u00eb ardhmes, me kapacitet t\u00eb shtuar, e q\u00eb do i rris\u00eb akoma m\u00eb tep\u00ebr vler\u00ebn zon\u00ebs p\u00ebrreth. Veliaj tha se maturant\u00ebt e gjimnazit \u201cSami Frash\u00ebri\u201d, do t\u00eb zhvillojn\u00eb ceremonin\u00eb e diplomimit n\u00eb mjediset e e reja t\u00eb shkoll\u00ebs s\u00eb transformuar.<\/p>\n<p>\u201cNe kemi vendosur nj\u00eb standard p\u00ebr shkollat e s\u00eb ardhmes. Nj\u00eb apartament shitet m\u00eb shtrenjt\u00eb dhe m\u00eb shpejt kur ka af\u00ebr di\u00e7ka t\u00eb bukur, sidomos kur ajo \u00ebsht\u00eb shkoll\u00eb. Lajmi i mir\u00eb p\u00ebr t\u00eb gjith\u00eb maturant\u00ebt q\u00eb diplomohen k\u00ebt\u00eb vit, t\u00eb cil\u00ebt jan\u00eb brezi i t\u00ebrmetit dhe i pandemis\u00eb, q\u00eb m\u00ebsimin e kan\u00eb kryer n\u00eb shkolla t\u00eb tjera, \u00ebsht\u00eb se mund ta b\u00ebjn\u00eb fest\u00ebn e diplomimit te palestra e re gjigante e \u2018Sami Frash\u00ebrit\u2019. Nd\u00ebrsa, ceremonin\u00eb e p\u00ebrurimit do ta kemi n\u00eb shtator, kur t\u00eb hapet viti i ri arsimor\u201d, p\u00ebrfundoi Veliaj<\/p>\n","protected":false},"excerpt":{"rendered":"<p>Kreu i Bashkis\u00eb s\u00eb Tiran\u00ebs Erion Veliaj, zhvilloi nj\u00eb inspektim t\u00eb fundit mbi ecurin\u00eb e punimeve n\u00eb shkoll\u00ebn \u201cSami Frash\u00ebri\u201d, p\u00ebr t\u00eb cil\u00ebn tha se \u00ebsht\u00eb qershia mbi tort\u00eb e projektit p\u00ebr nd\u00ebrtimin e mbi 40 shkollave n\u00eb Tiran\u00eb. \u201cDo jet\u00eb shkolla m\u00eb e madhe dhe m\u00eb e bukur n\u00eb Republik\u00ebn e Shqip\u00ebris\u00eb. \u201cSami Frash\u00ebri\u201d [&hellip;]<\/p>\n","protected":false},"author":2020,"featured_media":266383,"comment_status":"closed","ping_status":"closed","sticky":false,"template":"","format":"standard","meta":{"footnotes":""},"categories":[241,5380,231],"tags":[],"class_list":{"0":"post-266382","1":"post","2":"type-post","3":"status-publish","4":"format-standard","5":"has-post-thumbnail","7":"category-aktualitet","8":"category-kryesore","9":"category-lajme"},"_links":{"self":[{"href":"https:\/\/zjarr.tv\/sq\/wp-json\/wp\/v2\/posts\/266382","targetHints":{"allow":["GET"]}}],"collection":[{"href":"https:\/\/zjarr.tv\/sq\/wp-json\/wp\/v2\/posts"}],"about":[{"href":"https:\/\/zjarr.tv\/sq\/wp-json\/wp\/v2\/types\/post"}],"author":[{"embeddable":true,"href":"https:\/\/zjarr.tv\/sq\/wp-json\/wp\/v2\/users\/2020"}],"replies":[{"embeddable":true,"href":"https:\/\/zjarr.tv\/sq\/wp-json\/wp\/v2\/comments?post=266382"}],"version-history":[{"count":0,"href":"https:\/\/zjarr.tv\/sq\/wp-json\/wp\/v2\/posts\/266382\/revisions"}],"wp:featuredmedia":[{"embeddable":true,"href":"https:\/\/zjarr.tv\/sq\/wp-json\/wp\/v2\/media\/266383"}],"wp:attachment":[{"href":"https:\/\/zjarr.tv\/sq\/wp-json\/wp\/v2\/media?parent=266382"}],"wp:term":[{"taxonomy":"category","embeddable":true,"href":"https:\/\/zjarr.tv\/sq\/wp-json\/wp\/v2\/categories?post=266382"},{"taxonomy":"post_tag","embeddable":true,"href":"https:\/\/zjarr.tv\/sq\/wp-json\/wp\/v2\/tags?post=266382"}],"curies":[{"name":"wp","href":"https:\/\/api.w.org\/{rel}","templated":true}]}}