{"id":266394,"date":"2022-06-25T14:48:25","date_gmt":"2022-06-25T12:48:25","guid":{"rendered":"https:\/\/zjarr.tv\/?p=266394"},"modified":"2022-06-25T14:48:25","modified_gmt":"2022-06-25T12:48:25","slug":"protesta-e-pd-thirrja-e-tritan-shehut-te-gjithe-me-7-korrik-ne-tirane-aksion-i-rendesishem-politik-dhe-opozitar","status":"publish","type":"post","link":"https:\/\/zjarr.tv\/sq\/protesta-e-pd-thirrja-e-tritan-shehut-te-gjithe-me-7-korrik-ne-tirane-aksion-i-rendesishem-politik-dhe-opozitar\/","title":{"rendered":"Protesta e PD, thirrja e Tritan Shehut: T\u00eb gjith\u00eb m\u00eb 7 korrik n\u00eb Tiran\u00eb! Aksion i r\u00ebnd\u00ebsish\u00ebm politik dhe opozitar"},"content":{"rendered":"<p>Deputeti i Partis\u00eb Demokratike, Tritan Shehu, n\u00eb kuad\u00ebr t\u00eb protest\u00ebs q\u00eb pritet t\u00eb organizohet m\u00eb 7 korrik n\u00eb Tiran\u00eb, ka zhvilluar nj\u00eb takim me strukturat e PD-s\u00eb t\u00eb deg\u00ebve t\u00eb P\u00ebrmetit, K\u00eblcyr\u00ebs, Gjirokastr\u00ebs, Tepelen\u00ebs e Memaliajt, ku fton qytetar\u00ebt q\u00eb t\u2019i bashkohen kauz\u00ebs s\u00eb ngritur.<\/p>\n<p>Shehu e ka cil\u00ebsuar k\u00ebt\u00eb protest\u00eb si \u201cnj\u00eb aksion t\u00eb r\u00ebnd\u00ebsish\u00ebm politik dhe opozitar\u201d dhe zotohet se PD-ja do t\u00eb ballafaqohet \u201cme zullumet e k\u00ebtij regjimi\u201d q\u00eb po e \u00e7on vendin n\u00eb katastrof\u00eb.<\/p>\n<p>MESAZHI I SHEHUT<\/p>\n<p>Te gjithe me 7 Korrik ne Tirane!<\/p>\n<p>Strukturat e PD te degeve te Permetit, Kelcyres, Gjirokastres, Tepelenes e Memaliajt te Qarkut, filluan punen ne funksion te Protestes se Madhe te 7 Korrikut.<\/p>\n<p>Nje aksion i rendesishem politik e opozitar ky.<\/p>\n<p>Te gjithe te motivuar e mobilizuar per fillimin e nje levizje te vertete opozitare popullore, nje ballafaqim me zullumet e pa llogariteshme te ketij rregjimi, qe po e cojne vendin dhe njerezit ne katastrofe.<\/p>\n<p>Ne nuk do ta lejojme qe kjo te ndodhe!<\/p>\n<p>Prandaj te gjithe ne Tirane me 7 Korrik ora 19.00.<\/p>\n","protected":false},"excerpt":{"rendered":"<p>Deputeti i Partis\u00eb Demokratike, Tritan Shehu, n\u00eb kuad\u00ebr t\u00eb protest\u00ebs q\u00eb pritet t\u00eb organizohet m\u00eb 7 korrik n\u00eb Tiran\u00eb, ka zhvilluar nj\u00eb takim me strukturat e PD-s\u00eb t\u00eb deg\u00ebve t\u00eb P\u00ebrmetit, K\u00eblcyr\u00ebs, Gjirokastr\u00ebs, Tepelen\u00ebs e Memaliajt, ku fton qytetar\u00ebt q\u00eb t\u2019i bashkohen kauz\u00ebs s\u00eb ngritur. Shehu e ka cil\u00ebsuar k\u00ebt\u00eb protest\u00eb si \u201cnj\u00eb aksion t\u00eb [&hellip;]<\/p>\n","protected":false},"author":2020,"featured_media":266395,"comment_status":"closed","ping_status":"closed","sticky":false,"template":"","format":"standard","meta":{"footnotes":""},"categories":[241,5380,231],"tags":[],"class_list":{"0":"post-266394","1":"post","2":"type-post","3":"status-publish","4":"format-standard","5":"has-post-thumbnail","7":"category-aktualitet","8":"category-kryesore","9":"category-lajme"},"_links":{"self":[{"href":"https:\/\/zjarr.tv\/sq\/wp-json\/wp\/v2\/posts\/266394","targetHints":{"allow":["GET"]}}],"collection":[{"href":"https:\/\/zjarr.tv\/sq\/wp-json\/wp\/v2\/posts"}],"about":[{"href":"https:\/\/zjarr.tv\/sq\/wp-json\/wp\/v2\/types\/post"}],"author":[{"embeddable":true,"href":"https:\/\/zjarr.tv\/sq\/wp-json\/wp\/v2\/users\/2020"}],"replies":[{"embeddable":true,"href":"https:\/\/zjarr.tv\/sq\/wp-json\/wp\/v2\/comments?post=266394"}],"version-history":[{"count":0,"href":"https:\/\/zjarr.tv\/sq\/wp-json\/wp\/v2\/posts\/266394\/revisions"}],"wp:featuredmedia":[{"embeddable":true,"href":"https:\/\/zjarr.tv\/sq\/wp-json\/wp\/v2\/media\/266395"}],"wp:attachment":[{"href":"https:\/\/zjarr.tv\/sq\/wp-json\/wp\/v2\/media?parent=266394"}],"wp:term":[{"taxonomy":"category","embeddable":true,"href":"https:\/\/zjarr.tv\/sq\/wp-json\/wp\/v2\/categories?post=266394"},{"taxonomy":"post_tag","embeddable":true,"href":"https:\/\/zjarr.tv\/sq\/wp-json\/wp\/v2\/tags?post=266394"}],"curies":[{"name":"wp","href":"https:\/\/api.w.org\/{rel}","templated":true}]}}