{"id":266397,"date":"2022-06-25T15:00:29","date_gmt":"2022-06-25T13:00:29","guid":{"rendered":"https:\/\/zjarr.tv\/?p=266397"},"modified":"2022-06-25T15:00:29","modified_gmt":"2022-06-25T13:00:29","slug":"demokratet-e-shkodres-sot-ne-votim-do-te-zgjedhin-kryesine-e-re","status":"publish","type":"post","link":"https:\/\/zjarr.tv\/sq\/demokratet-e-shkodres-sot-ne-votim-do-te-zgjedhin-kryesine-e-re\/","title":{"rendered":"Demokrat\u00ebt e Shkodr\u00ebs sot n\u00eb votim, do t\u00eb zgjedhin Kryesin\u00eb e re"},"content":{"rendered":"<p>Partia Demokratike dega Shkod\u00ebr, ka organizuar k\u00ebt\u00eb t\u00eb shtun\u00eb pro\u00e7esin e zgjedhjes s\u00eb kryesis\u00eb s\u00eb deg\u00ebs, ku sipas statutit t\u00eb ri t\u00eb PD-s\u00eb, t\u00eb drejt\u00eb vote p\u00ebr kryesin\u00eb e deg\u00ebs kan\u00eb kryetar\u00ebt e grupseksioneve, kryetar\u00ebt dhe sekretar\u00ebt e seksioneve n\u00eb territorin e Bashkis\u00eb Shkod\u00ebr.<\/p>\n<p>Nga 52 kandidat\u00eb p\u00ebr an\u00ebtar\u00eb t\u00eb kryesis\u00eb s\u00eb PD Shkod\u00ebr do t\u00eb p\u00ebrzgjidhen 25, ku 30% e tyre do t\u00eb jen\u00eb femra.<\/p>\n<p>P\u00ebr k\u00ebt\u00eb pro\u00e7es foli edhe kreu i PD Shkod\u00ebr, Gjenarin Kapcari, i cili tha se pjes\u00ebmarrja n\u00eb votim \u00ebsht\u00eb e k\u00ebnaqshme.<\/p>\n<p>Edhe ky pro\u00e7es, ashtu si edhe votimet e fundit, nuk \u00ebsht\u00eb zhvilluar n\u00eb selin\u00eb kryesore t\u00eb PD.<\/p>\n<p>I pyetur p\u00ebr k\u00ebt\u00eb, Kapcari tha se Partia Demokratike \u00ebsht\u00eb \u00e7\u00ebshtje an\u00ebtar\u00ebsie, jo \u00e7\u00ebshtje muresh.<\/p>\n<p>Votimi ka nisur q\u00eb prej ores 08:00 t\u00eb m\u00ebngjesit dhe do t\u00eb zgjas\u00eb deri rreth or\u00ebs 18:00 t\u00eb mbr\u00ebmjes.<\/p>\n","protected":false},"excerpt":{"rendered":"<p>Partia Demokratike dega Shkod\u00ebr, ka organizuar k\u00ebt\u00eb t\u00eb shtun\u00eb pro\u00e7esin e zgjedhjes s\u00eb kryesis\u00eb s\u00eb deg\u00ebs, ku sipas statutit t\u00eb ri t\u00eb PD-s\u00eb, t\u00eb drejt\u00eb vote p\u00ebr kryesin\u00eb e deg\u00ebs kan\u00eb kryetar\u00ebt e grupseksioneve, kryetar\u00ebt dhe sekretar\u00ebt e seksioneve n\u00eb territorin e Bashkis\u00eb Shkod\u00ebr. Nga 52 kandidat\u00eb p\u00ebr an\u00ebtar\u00eb t\u00eb kryesis\u00eb s\u00eb PD Shkod\u00ebr do [&hellip;]<\/p>\n","protected":false},"author":2020,"featured_media":266398,"comment_status":"closed","ping_status":"closed","sticky":false,"template":"","format":"standard","meta":{"footnotes":""},"categories":[241,5380,231],"tags":[],"class_list":{"0":"post-266397","1":"post","2":"type-post","3":"status-publish","4":"format-standard","5":"has-post-thumbnail","7":"category-aktualitet","8":"category-kryesore","9":"category-lajme"},"_links":{"self":[{"href":"https:\/\/zjarr.tv\/sq\/wp-json\/wp\/v2\/posts\/266397","targetHints":{"allow":["GET"]}}],"collection":[{"href":"https:\/\/zjarr.tv\/sq\/wp-json\/wp\/v2\/posts"}],"about":[{"href":"https:\/\/zjarr.tv\/sq\/wp-json\/wp\/v2\/types\/post"}],"author":[{"embeddable":true,"href":"https:\/\/zjarr.tv\/sq\/wp-json\/wp\/v2\/users\/2020"}],"replies":[{"embeddable":true,"href":"https:\/\/zjarr.tv\/sq\/wp-json\/wp\/v2\/comments?post=266397"}],"version-history":[{"count":0,"href":"https:\/\/zjarr.tv\/sq\/wp-json\/wp\/v2\/posts\/266397\/revisions"}],"wp:featuredmedia":[{"embeddable":true,"href":"https:\/\/zjarr.tv\/sq\/wp-json\/wp\/v2\/media\/266398"}],"wp:attachment":[{"href":"https:\/\/zjarr.tv\/sq\/wp-json\/wp\/v2\/media?parent=266397"}],"wp:term":[{"taxonomy":"category","embeddable":true,"href":"https:\/\/zjarr.tv\/sq\/wp-json\/wp\/v2\/categories?post=266397"},{"taxonomy":"post_tag","embeddable":true,"href":"https:\/\/zjarr.tv\/sq\/wp-json\/wp\/v2\/tags?post=266397"}],"curies":[{"name":"wp","href":"https:\/\/api.w.org\/{rel}","templated":true}]}}