{"id":266401,"date":"2022-06-25T15:09:10","date_gmt":"2022-06-25T13:09:10","guid":{"rendered":"https:\/\/zjarr.tv\/?p=266401"},"modified":"2022-06-25T15:09:10","modified_gmt":"2022-06-25T13:09:10","slug":"42-perqind-e-shqiptareve-kerkojne-te-emigrojne-pd-shpopulli-i-vendit-shqiperia-ne-rrezik","status":"publish","type":"post","link":"https:\/\/zjarr.tv\/sq\/42-perqind-e-shqiptareve-kerkojne-te-emigrojne-pd-shpopulli-i-vendit-shqiperia-ne-rrezik\/","title":{"rendered":"\u201942 p\u00ebrqind e shqiptar\u00ebve k\u00ebrkojn\u00eb t\u00eb emigrojn\u00eb\u2019, PD: Shpopulli i vendit, Shqip\u00ebria n\u00eb rrezik!"},"content":{"rendered":"<p>N\u00eb nj\u00eb deklarat\u00eb p\u00ebr shtyp dit\u00ebn e sotme nga selia blu sekretarja p\u00ebr Organizitat Partnere n\u00eb Partin\u00eb Demokratike, Megi Balliu ka deklaruar se Barometri i Ballkanit ka konfirmuar alarmin e saj p\u00ebr gjendjen e shqiptar\u00ebve.<\/p>\n<p>Sipas nj\u00eb sondazhit t\u00eb kryer nga ky baromet\u00ebr 42% e shqiptar\u00ebve k\u00ebrkojn\u00eb t\u00eb emigrojn\u00eb.<\/p>\n<p>88 p\u00ebrqind e shqiptar\u00ebve mendojn\u00eb se hendeku i pasuris\u00eb \u00ebsht\u00eb thelluar.<\/p>\n<p>Sipas Partis\u00eb Demokratike shqiptar\u00ebt pasi kan\u00eb humbur \u2018luft\u00ebn e klasave\u2019 nuk shohin alternative tjet\u00ebr, ve\u00e7se t\u00eb largohen.<\/p>\n<p>Deklarata e plot\u00eb e Partis\u00eb Demokratike:<\/p>\n<p>42 p\u00ebrqind e shqiptar\u00ebve k\u00ebrkojn\u00eb t\u00eb emigrojn\u00eb.<\/p>\n<p>Shifra alarmante vjen nga Barometri i Ballkanit, nj\u00eb sondazh vjetor i K\u00ebshillit t\u00eb Bashk\u00ebpunimir Rajonal.<\/p>\n<p>Vendimi p\u00ebr t\u00eb ikur kuptohet m\u00eb qart\u00eb, po t\u00eb v\u00ebresh nj\u00eb tjet\u00ebr shif\u00ebr t\u00eb sondazhit.<\/p>\n<p>88 p\u00ebrqind e shqiptar\u00ebve mendojn\u00eb se hendeku i pasuris\u00eb \u00ebsht\u00eb thelluar.<\/p>\n<p>Pasi kan\u00eb humbur \u2018luft\u00ebn e klasave\u2019, shqiptar\u00ebt nuk shohin alternativ\u00eb ve\u00e7 emigrimit.<\/p>\n<p>Partia Demokratike d\u00ebshiron t\u00eb theksoj\u00eb edhe nj\u00ebher\u00eb rrezikun e shpopullimit t\u00eb vendit.<\/p>\n<p>T\u00eb gjith\u00eb treguesit, t\u00eb gjitha sondazhet, e d\u00ebshmojn\u00eb k\u00ebt\u00eb.<\/p>\n<p>P\u00ebrs\u00ebritja e faktit dhe mesazhit nga opozita nuk b\u00ebhet p\u00ebr q\u00ebllime t\u00eb tjera, por ve\u00e7 nj\u00eb arsye: nj\u00eb Shqip\u00ebri e boshatisur p\u00ebrb\u00ebn nj\u00eb emergjenc\u00eb komb\u00ebtare.<\/p>\n<p>Kjo kamban\u00eb bie p\u00ebr ata q\u00eb kan\u00eb vesh\u00eb! Me sa duket, jo p\u00ebr qeverin\u00eb, q\u00eb b\u00ebn veshin e shurdh\u00ebr.<\/p>\n<p>Ata shohin oborrin e tyre dhe thon\u00eb: qent\u00eb le t\u00eb lehin, karvani t\u00eb b\u00ebj\u00eb p\u00ebrpara!<\/p>\n<p>Ne shohim karvanin e njer\u00ebzve q\u00eb ikin dhe nj\u00eb Shqip\u00ebri n\u00eb rrezik.<\/p>\n","protected":false},"excerpt":{"rendered":"<p>N\u00eb nj\u00eb deklarat\u00eb p\u00ebr shtyp dit\u00ebn e sotme nga selia blu sekretarja p\u00ebr Organizitat Partnere n\u00eb Partin\u00eb Demokratike, Megi Balliu ka deklaruar se Barometri i Ballkanit ka konfirmuar alarmin e saj p\u00ebr gjendjen e shqiptar\u00ebve. Sipas nj\u00eb sondazhit t\u00eb kryer nga ky baromet\u00ebr 42% e shqiptar\u00ebve k\u00ebrkojn\u00eb t\u00eb emigrojn\u00eb. 88 p\u00ebrqind e shqiptar\u00ebve mendojn\u00eb se [&hellip;]<\/p>\n","protected":false},"author":2020,"featured_media":266402,"comment_status":"closed","ping_status":"closed","sticky":false,"template":"","format":"standard","meta":{"footnotes":""},"categories":[241,5380,231],"tags":[],"class_list":{"0":"post-266401","1":"post","2":"type-post","3":"status-publish","4":"format-standard","5":"has-post-thumbnail","7":"category-aktualitet","8":"category-kryesore","9":"category-lajme"},"_links":{"self":[{"href":"https:\/\/zjarr.tv\/sq\/wp-json\/wp\/v2\/posts\/266401","targetHints":{"allow":["GET"]}}],"collection":[{"href":"https:\/\/zjarr.tv\/sq\/wp-json\/wp\/v2\/posts"}],"about":[{"href":"https:\/\/zjarr.tv\/sq\/wp-json\/wp\/v2\/types\/post"}],"author":[{"embeddable":true,"href":"https:\/\/zjarr.tv\/sq\/wp-json\/wp\/v2\/users\/2020"}],"replies":[{"embeddable":true,"href":"https:\/\/zjarr.tv\/sq\/wp-json\/wp\/v2\/comments?post=266401"}],"version-history":[{"count":0,"href":"https:\/\/zjarr.tv\/sq\/wp-json\/wp\/v2\/posts\/266401\/revisions"}],"wp:featuredmedia":[{"embeddable":true,"href":"https:\/\/zjarr.tv\/sq\/wp-json\/wp\/v2\/media\/266402"}],"wp:attachment":[{"href":"https:\/\/zjarr.tv\/sq\/wp-json\/wp\/v2\/media?parent=266401"}],"wp:term":[{"taxonomy":"category","embeddable":true,"href":"https:\/\/zjarr.tv\/sq\/wp-json\/wp\/v2\/categories?post=266401"},{"taxonomy":"post_tag","embeddable":true,"href":"https:\/\/zjarr.tv\/sq\/wp-json\/wp\/v2\/tags?post=266401"}],"curies":[{"name":"wp","href":"https:\/\/api.w.org\/{rel}","templated":true}]}}