{"id":266407,"date":"2022-06-25T15:40:53","date_gmt":"2022-06-25T13:40:53","guid":{"rendered":"https:\/\/zjarr.tv\/?p=266407"},"modified":"2022-06-25T15:40:53","modified_gmt":"2022-06-25T13:40:53","slug":"edhe-psikologet-po-ikin-flet-valbona-treska-urdhri-i-psikologeve-kishte-1900-anetare-vetem-1200-jane-aktive","status":"publish","type":"post","link":"https:\/\/zjarr.tv\/sq\/edhe-psikologet-po-ikin-flet-valbona-treska-urdhri-i-psikologeve-kishte-1900-anetare-vetem-1200-jane-aktive\/","title":{"rendered":"Edhe psikolog\u00ebt po ikin! Flet Valbona Treska: Urdhri i psikolog\u00ebve kishte 1900 an\u00ebtar\u00eb, vet\u00ebm 1200 jan\u00eb aktiv\u00eb"},"content":{"rendered":"<p>Fenomeni i ikjes s\u00eb profesionist\u00ebve, ka prekur edhe Urdhrin e Psikologut t\u00eb Shqip\u00ebris\u00eb, q\u00eb num\u00ebron rreth 1900 an\u00ebtar\u00eb, q\u00eb nga krijimi i tij n\u00eb 2017-t\u00ebn. Ne kemi t\u00eb regjistruar pran\u00eb Urdhrit t\u00eb Psikologut q\u00eb n\u00eb fillimet e tij 1900 an\u00ebtar\u00eb. Aktualisht jan\u00eb aktiv\u00eb rreth 1200 an\u00ebtar\u00eb. Kjo do t\u00eb thot\u00eb q\u00eb kjo diferenc\u00eb prej 700 an\u00ebtar\u00ebsh, nuk jan\u00eb pjes\u00eb aktive e Urdhrit t\u00eb Psikologut.<\/p>\n<p>Dhe ajo \u00e7ka neve na rezulton \u00ebsht\u00eb se 400-450 prej tyre jan\u00eb larguar p\u00ebrfundimisht nga Shqip\u00ebria. Largimi m\u00eb masiv i psikolog\u00ebve nga Urdhri i Psikologut, ka ndodhur gjat\u00eb 3 viteve t\u00eb fundit. Kryesisht n\u00eb Gjermani, Kanadaja dhe Shtetet e Bashkuara t\u00eb Amerik\u00ebs, por edhe Dubai i Emirateve t\u00eb Bashkuara Arabe, kan\u00eb p\u00ebrthithur pjes\u00ebn m\u00eb t\u00eb madhe t\u00eb psikolog\u00ebve.<\/p>\n<p>Profesioni i psikologut po k\u00ebrkohet jasht\u00ebzakonisht sot n\u00eb gjith\u00eb bot\u00ebn, e cila po i kushton v\u00ebmendje t\u00eb madhe sh\u00ebndetit mendor. N\u00eb k\u00ebto kushte shtetet nuk kan\u00eb ndonj\u00ebher\u00eb kapacitetet e nevojshme ndaj i k\u00ebrkojn\u00eb profesionist\u00ebt edhe n\u00eb Shqip\u00ebri. Ka disa m\u00ebnyra p\u00ebr t\u00eb matur largimin e psikolog\u00ebve nga an\u00ebtar\u00ebsia e Urdhrit. Ne kemi vazhdimisht persona q\u00eb vijn\u00eb dhe k\u00ebrkojn\u00eb t\u2019u njehsohet licensa, n\u00eb m\u00ebnyr\u00eb q\u00eb t\u00eb plot\u00ebsojn\u00eb dokumentacionin e nevojsh\u00ebm p\u00ebr t\u2019u larguar m\u00eb pas nga Shqip\u00ebria. Nj\u00eb m\u00ebnyr\u00eb tjet\u00ebr \u00ebsht\u00eb n\u00ebp\u00ebrmjet emaileve. Ne jemi vazhdimisht n\u00eb kontakt dhe d\u00ebrgojm\u00eb informacione, por shpeshher\u00eb emaileve q\u00eb \u00e7ojm\u00eb, na u p\u00ebrgjigjen duke th\u00ebn\u00eb nuk jam m\u00eb n\u00eb Shqip\u00ebri, jam vendosur n\u00eb Gjermani, amerik\u00eb apo Kanada, p\u00ebr t\u00eb punuar dhe p\u00ebr t\u00eb jetuar k\u00ebtu.<\/p>\n<p>Ne gjithashtu l\u00ebshojm\u00eb edhe nj\u00eb certifikat\u00eb t\u00eb \u201cSjelljes s\u00eb Mir\u00eb\u201d. Ka patur psikolog\u00eb q\u00eb kan\u00eb ardhur dhe kan\u00eb b\u00ebr\u00eb k\u00ebrkes\u00eb q\u00eb nuk kan\u00eb asnj\u00eb mas\u00eb disiplinore pran\u00eb Urdhrit t\u00eb Psikologut, q\u00eb kan\u00eb sjellje t\u00eb mir\u00eb etike, n\u00eb m\u00ebnyr\u00eb q\u00eb m\u00eb von\u00eb ky dokument t\u2019u vlej\u00eb n\u00eb shtetin ku punojn\u00eb. Largimi i psikolog\u00ebve padyshim q\u00eb \u00ebsht\u00eb shq\u00ebt\u00ebsim i madh, q\u00eb duhet t\u00eb na alarmoj\u00eb. Kemi investuar kaq shum\u00eb p\u00ebr k\u00ebta psikolog\u00eb ndaj \u00ebsht\u00eb e dhimbshme t\u00eb shikosh profesionist\u00eb t\u00eb mir\u00eb q\u00eb largohen nga vendi p\u00ebr t\u2019u pun\u00ebsuar diku tjet\u00ebr, nd\u00ebrkoh\u00eb q\u00eb kan\u00eb patur kaq shum\u00eb p\u00ebr t\u2019i dh\u00ebn\u00eb vendit t\u00eb tyre\u201d, tha Valbona Treska.<\/p>\n","protected":false},"excerpt":{"rendered":"<p>Fenomeni i ikjes s\u00eb profesionist\u00ebve, ka prekur edhe Urdhrin e Psikologut t\u00eb Shqip\u00ebris\u00eb, q\u00eb num\u00ebron rreth 1900 an\u00ebtar\u00eb, q\u00eb nga krijimi i tij n\u00eb 2017-t\u00ebn. Ne kemi t\u00eb regjistruar pran\u00eb Urdhrit t\u00eb Psikologut q\u00eb n\u00eb fillimet e tij 1900 an\u00ebtar\u00eb. Aktualisht jan\u00eb aktiv\u00eb rreth 1200 an\u00ebtar\u00eb. Kjo do t\u00eb thot\u00eb q\u00eb kjo diferenc\u00eb prej 700 [&hellip;]<\/p>\n","protected":false},"author":2020,"featured_media":266408,"comment_status":"closed","ping_status":"closed","sticky":false,"template":"","format":"standard","meta":{"footnotes":""},"categories":[241,5380,231],"tags":[],"class_list":{"0":"post-266407","1":"post","2":"type-post","3":"status-publish","4":"format-standard","5":"has-post-thumbnail","7":"category-aktualitet","8":"category-kryesore","9":"category-lajme"},"_links":{"self":[{"href":"https:\/\/zjarr.tv\/sq\/wp-json\/wp\/v2\/posts\/266407","targetHints":{"allow":["GET"]}}],"collection":[{"href":"https:\/\/zjarr.tv\/sq\/wp-json\/wp\/v2\/posts"}],"about":[{"href":"https:\/\/zjarr.tv\/sq\/wp-json\/wp\/v2\/types\/post"}],"author":[{"embeddable":true,"href":"https:\/\/zjarr.tv\/sq\/wp-json\/wp\/v2\/users\/2020"}],"replies":[{"embeddable":true,"href":"https:\/\/zjarr.tv\/sq\/wp-json\/wp\/v2\/comments?post=266407"}],"version-history":[{"count":0,"href":"https:\/\/zjarr.tv\/sq\/wp-json\/wp\/v2\/posts\/266407\/revisions"}],"wp:featuredmedia":[{"embeddable":true,"href":"https:\/\/zjarr.tv\/sq\/wp-json\/wp\/v2\/media\/266408"}],"wp:attachment":[{"href":"https:\/\/zjarr.tv\/sq\/wp-json\/wp\/v2\/media?parent=266407"}],"wp:term":[{"taxonomy":"category","embeddable":true,"href":"https:\/\/zjarr.tv\/sq\/wp-json\/wp\/v2\/categories?post=266407"},{"taxonomy":"post_tag","embeddable":true,"href":"https:\/\/zjarr.tv\/sq\/wp-json\/wp\/v2\/tags?post=266407"}],"curies":[{"name":"wp","href":"https:\/\/api.w.org\/{rel}","templated":true}]}}