{"id":266410,"date":"2022-06-25T15:58:03","date_gmt":"2022-06-25T13:58:03","guid":{"rendered":"https:\/\/zjarr.tv\/?p=266410"},"modified":"2022-06-25T16:08:38","modified_gmt":"2022-06-25T14:08:38","slug":"makina-inteligjente-nuk-fal-shoferet-e-pabindur-gjoba-te-majme-dhe-pezullohen-89-leje-drejtimi-ne-bypass-in-e-fierit-dhe-aksin-lushnje-durres","status":"publish","type":"post","link":"https:\/\/zjarr.tv\/sq\/makina-inteligjente-nuk-fal-shoferet-e-pabindur-gjoba-te-majme-dhe-pezullohen-89-leje-drejtimi-ne-bypass-in-e-fierit-dhe-aksin-lushnje-durres\/","title":{"rendered":"Makina inteligjente nuk fal shofer\u00ebt \u201ce pabindur\u201d, gjoba t\u00eb majme dhe pezullohen 89 leje drejtimi n\u00eb Bypass-in e Fierit dhe aksin Lushnje \u2013Durr\u00ebs"},"content":{"rendered":"<p>Vijon monitorimi i pand\u00ebrprer\u00eb i qarkullimit rrugor, duke p\u00ebrdorur makin\u00ebn inteligjente, radar\u00ebt automatik\u00eb, dronin \u201cedukues\u201d, flot\u00ebn e re t\u00eb automjeteve, t\u00eb pajisura me baz\u00eb logjistike bashk\u00ebkohore, si radar\u00eb q\u00eb masin shpejt\u00ebsin\u00eb n\u00eb l\u00ebvizje dhe lexues automatik\u00eb t\u00eb targave, kamera, aparate fotografike dhe patrulla n\u00eb l\u00ebvizje, me makina t\u00eb paloguara.<\/p>\n<p>P\u00ebrgjat\u00eb mbr\u00ebmjes s\u00eb djeshme dhe or\u00ebve t\u00eb para t\u00eb m\u00ebngjesit t\u00eb sot\u00ebm, makina inteligjente e Nj\u00ebsis\u00eb Operacionale t\u00eb Policis\u00eb Rrugore dhe radar\u00ebt automatik\u00eb t\u00eb Policis\u00eb Rrugore t\u00eb DVP Fier dhe DVP Durr\u00ebs kan\u00eb monitoruar qarkullimin n\u00eb Bypass-in e Fierit dhe n\u00eb aksin rrugor \u201cLushnj\u00eb \u2013 Durr\u00ebs\u201d dhe anasjelltas.<\/p>\n<p>N\u00eb k\u00ebto akse, jan\u00eb konstatuar shpejt\u00ebsi nga 142 km\/h deri n\u00eb 179 km\/h.<\/p>\n<p>\u201cAkuza p\u00ebr drog\u00eb, plagosje, arm\u00ebmbajtje pa leje\u201d\/ Ishin n\u00eb k\u00ebrkim nd\u00ebrkomb\u00ebtar, 4 shtetas ekstradohen nga Italia, Gjermania dhe Franca drejt Shqip\u00ebris\u00eb (EMRAT)<\/p>\n<p>K\u00ebng\u00ebtari shqiptar e pranon hapur: Kam vjedhur k\u00ebng\u00eb dhe\u2026<\/p>\n<p>Si rezultat i monitorimit jan\u00eb pezulluar 89 leje drejtimi, p\u00ebr periudha nga 3 deri n\u00eb 14 muaj, jan\u00eb vendosur masa administrative nga 20.000 deri n\u00eb 80.000 lek\u00eb t\u00eb rinj, si dhe jan\u00eb zbritur nga lejet e drejtimit, nga 10 deri n\u00eb 13 pik\u00eb.<\/p>\n<p>157 masa administrative u vendos\u00ebn ndaj drejtuesve t\u00eb mjeteve, t\u00eb cil\u00ebt makina inteligjente i skanoi gjat\u00eb pun\u00ebs s\u00eb saj, p\u00ebr qarkullim me shpejt\u00ebsi mbi normat e lejuara, por pa sanksionin plot\u00ebsues t\u00eb pezullimit t\u00eb lejes s\u00eb drejtimit.<\/p>\n<p>44 drejtues mjetesh u nd\u00ebshkuan p\u00ebr 3 shkelje nj\u00ebher\u00ebsh, p\u00ebr qarkullim me shpejt\u00ebsi mbi norm\u00ebn e lejuar, p\u00ebr p\u00ebrdorim t\u00eb celularit gjat\u00eb drejtimit t\u00eb mjetit, si dhe p\u00ebr mosvendosje t\u00eb rripit t\u00eb sigurimit.<\/p>\n<p>Policia e Shtetit apelon p\u00ebr t\u00eb gjith\u00eb drejtuesit e automjeteve dhe t\u00eb motomjeteve q\u00eb t\u00eb respektojn\u00eb me rigorozitet rregullat e qarkullimit rrugor, pasi puna e Policis\u00eb n\u00eb k\u00ebt\u00eb drejtim nuk \u00ebsht\u00eb aksion i p\u00ebrkohsh\u00ebm, por do t\u00eb vijoj\u00eb pand\u00ebrprer\u00eb, p\u00ebr t\u00eb arritur q\u00ebllimin madhor, at\u00eb t\u00eb rritjes s\u00eb parametrave t\u00eb siguris\u00eb s\u00eb jet\u00ebs n\u00eb rrug\u00eb.<\/p>\n<p>T\u00eb gjitha akset rrugore monitorohen me makin\u00ebn inteligjente dhe me flot\u00ebn e re t\u00eb automjeteve, t\u00eb pajisura me baz\u00eb logjistike bashk\u00ebkohore \ud83d\ude94, me q\u00ebllim evidentimin \ud83d\udcf8 dhe nd\u00ebshkimin e atyre drejtuesve t\u00eb mjeteve q\u00eb qarkullojn\u00eb n\u00eb rrug\u00eb\ud83d\udeeb\ud83d\udee3, me shpejt\u00ebsi tej normave t\u00eb lejuara.<\/p>\n<p>Kthehu i sigurt\u00eb n\u00eb sht\u00ebpi, respekto rregullat e qarkullimit rrugor!<\/p>\n","protected":false},"excerpt":{"rendered":"<p>Vijon monitorimi i pand\u00ebrprer\u00eb i qarkullimit rrugor, duke p\u00ebrdorur makin\u00ebn inteligjente, radar\u00ebt automatik\u00eb, dronin \u201cedukues\u201d, flot\u00ebn e re t\u00eb automjeteve, t\u00eb pajisura me baz\u00eb logjistike bashk\u00ebkohore, si radar\u00eb q\u00eb masin shpejt\u00ebsin\u00eb n\u00eb l\u00ebvizje dhe lexues automatik\u00eb t\u00eb targave, kamera, aparate fotografike dhe patrulla n\u00eb l\u00ebvizje, me makina t\u00eb paloguara. P\u00ebrgjat\u00eb mbr\u00ebmjes s\u00eb djeshme dhe or\u00ebve [&hellip;]<\/p>\n","protected":false},"author":2020,"featured_media":266411,"comment_status":"closed","ping_status":"closed","sticky":false,"template":"","format":"standard","meta":{"footnotes":""},"categories":[241,5380,231],"tags":[],"class_list":{"0":"post-266410","1":"post","2":"type-post","3":"status-publish","4":"format-standard","5":"has-post-thumbnail","7":"category-aktualitet","8":"category-kryesore","9":"category-lajme"},"_links":{"self":[{"href":"https:\/\/zjarr.tv\/sq\/wp-json\/wp\/v2\/posts\/266410","targetHints":{"allow":["GET"]}}],"collection":[{"href":"https:\/\/zjarr.tv\/sq\/wp-json\/wp\/v2\/posts"}],"about":[{"href":"https:\/\/zjarr.tv\/sq\/wp-json\/wp\/v2\/types\/post"}],"author":[{"embeddable":true,"href":"https:\/\/zjarr.tv\/sq\/wp-json\/wp\/v2\/users\/2020"}],"replies":[{"embeddable":true,"href":"https:\/\/zjarr.tv\/sq\/wp-json\/wp\/v2\/comments?post=266410"}],"version-history":[{"count":0,"href":"https:\/\/zjarr.tv\/sq\/wp-json\/wp\/v2\/posts\/266410\/revisions"}],"wp:featuredmedia":[{"embeddable":true,"href":"https:\/\/zjarr.tv\/sq\/wp-json\/wp\/v2\/media\/266411"}],"wp:attachment":[{"href":"https:\/\/zjarr.tv\/sq\/wp-json\/wp\/v2\/media?parent=266410"}],"wp:term":[{"taxonomy":"category","embeddable":true,"href":"https:\/\/zjarr.tv\/sq\/wp-json\/wp\/v2\/categories?post=266410"},{"taxonomy":"post_tag","embeddable":true,"href":"https:\/\/zjarr.tv\/sq\/wp-json\/wp\/v2\/tags?post=266410"}],"curies":[{"name":"wp","href":"https:\/\/api.w.org\/{rel}","templated":true}]}}