{"id":266414,"date":"2022-06-25T16:15:39","date_gmt":"2022-06-25T14:15:39","guid":{"rendered":"https:\/\/zjarr.tv\/?p=266414"},"modified":"2022-06-25T16:15:39","modified_gmt":"2022-06-25T14:15:39","slug":"gjiknuri-ne-takimin-e-partive-europiane-socialiste-u-rikonfirmua-rendesia-e-integrimit-te-ballkanit-perendimor-vendet-i-kane-permbushur-obligimet","status":"publish","type":"post","link":"https:\/\/zjarr.tv\/sq\/gjiknuri-ne-takimin-e-partive-europiane-socialiste-u-rikonfirmua-rendesia-e-integrimit-te-ballkanit-perendimor-vendet-i-kane-permbushur-obligimet\/","title":{"rendered":"Gjiknuri n\u00eb takimin e Partive Europiane Socialiste: U rikonfirmua r\u00ebnd\u00ebsia e integrimit t\u00eb Ballkanit Per\u00ebndimor, vendet i kan\u00eb p\u00ebrmbushur obligimet"},"content":{"rendered":"<p>Sekretari i P\u00ebrgjithsh\u00ebm i Partis\u00eb Socialiste, Damian Gjiknuri mori pjes\u00eb n\u00eb takimin p\u00ebrgatitor t\u00eb grupit t\u00eb Partive Europiane Socialiste (PES) p\u00ebr K\u00ebshillim Europian me ftes\u00eb t\u00eb Sekretarit t\u00eb P\u00ebrgjithsh\u00ebm t\u00eb PES, Sergei Stanishev.<\/p>\n<p>T\u00eb pranish\u00ebm n\u00eb k\u00ebt\u00eb takim t\u00eb r\u00ebnd\u00ebsish\u00ebm ku u rikonfirmuan nj\u00ebz\u00ebri r\u00ebnd\u00ebsin\u00eb e integrimit t\u00eb Ballkanit Perendimor n\u00eb familjen europiane ishin dhe Kancelari Scholtz dhe p\u00ebrfaq\u00ebsuesi i lart\u00eb i BE p\u00ebr Politik\u00ebn e Jashtme Joseph Borrell.<\/p>\n<p>Sekretari i P\u00ebrgjithsh\u00ebm Damian Gjiknuri thekson se partit\u00eb simotra t\u00eb s\u00eb majt\u00ebs europiane konfirmuan nj\u00ebz\u00ebri r\u00ebnd\u00ebsin\u00eb e integrimit t\u00eb Ballkanit Perendimor n\u00eb familjen europiane si garanci stabiliteti dhe sigurie n\u00eb nj\u00eb Europ\u00eb t\u00eb trazuar.<\/p>\n<p>\u201cPata k\u00ebnaq\u00ebsin\u00eb t\u00eb ndjek nga af\u00ebr mbledhjen e partive europiane socialiste, pra gjith\u00eb familja e social-demokrat\u00ebve europian\u00eb me lider\u00eb kryesor\u00eb Olaf Scholtz dhe shum\u00eb lider\u00eb t\u00eb tjer\u00eb t\u00eb familjes s\u00eb majt\u00eb ku u ritheksua edhe nj\u00ebher\u00eb mesazhi i r\u00ebnd\u00ebsis\u00eb s\u00eb zgjerimit. U shpreh keqardhja dhe zhg\u00ebnjimi q\u00eb edhe k\u00ebsaj radhe rrezikohet p\u00ebrs\u00ebri procesi i zgjerimit p\u00ebr hapjen e negociatave me Maqedonin\u00eb e Veriut dhe Shqip\u00ebrin\u00eb\u201d, tha ai.<\/p>\n<p>Gjiknuri shton se n\u00eb takimin p\u00ebrgatitor t\u00eb grupit t\u00eb Partive Europiane Socialiste u theksua edhe nj\u00eb her\u00eb nevoja imediate e zgjerimit, pasi vendet i kan\u00eb p\u00ebrmbushur t\u00eb gjitha obligimet e tyre.<\/p>\n<p>\u201cGjith\u00e7ka mbetet thjesht pjes\u00eb e politik\u00ebs konservatore ku vendet mbajn\u00eb peng nj\u00ebri-tjetrin dhe n\u00ebse do t\u00eb vazhdoj\u00eb k\u00ebshtu, procesi i zgjerimit t\u00eb Bashkimit Europian do t\u00eb rrezikohet. Ky qe nj\u00eb mesazh i t\u00eb gjith\u00eb partive t\u00eb majta, b\u00ebn\u00eb thirrje ndaj t\u00eb gjith\u00eb vendimmarr\u00ebsve q\u00eb ky proces t\u00eb ec\u00eb sa m\u00eb shpejt p\u00ebrpara n\u00eb t\u00eb mir\u00ebn e siguris\u00eb europiane, p\u00ebr t\u00eb mir\u00ebn e Bashkimit Europian\u201d, n\u00ebnvizon Gjiknuri.<\/p>\n","protected":false},"excerpt":{"rendered":"<p>Sekretari i P\u00ebrgjithsh\u00ebm i Partis\u00eb Socialiste, Damian Gjiknuri mori pjes\u00eb n\u00eb takimin p\u00ebrgatitor t\u00eb grupit t\u00eb Partive Europiane Socialiste (PES) p\u00ebr K\u00ebshillim Europian me ftes\u00eb t\u00eb Sekretarit t\u00eb P\u00ebrgjithsh\u00ebm t\u00eb PES, Sergei Stanishev. T\u00eb pranish\u00ebm n\u00eb k\u00ebt\u00eb takim t\u00eb r\u00ebnd\u00ebsish\u00ebm ku u rikonfirmuan nj\u00ebz\u00ebri r\u00ebnd\u00ebsin\u00eb e integrimit t\u00eb Ballkanit Perendimor n\u00eb familjen europiane ishin dhe [&hellip;]<\/p>\n","protected":false},"author":2020,"featured_media":266415,"comment_status":"closed","ping_status":"closed","sticky":false,"template":"","format":"standard","meta":{"footnotes":""},"categories":[241,5380,231],"tags":[],"class_list":{"0":"post-266414","1":"post","2":"type-post","3":"status-publish","4":"format-standard","5":"has-post-thumbnail","7":"category-aktualitet","8":"category-kryesore","9":"category-lajme"},"_links":{"self":[{"href":"https:\/\/zjarr.tv\/sq\/wp-json\/wp\/v2\/posts\/266414","targetHints":{"allow":["GET"]}}],"collection":[{"href":"https:\/\/zjarr.tv\/sq\/wp-json\/wp\/v2\/posts"}],"about":[{"href":"https:\/\/zjarr.tv\/sq\/wp-json\/wp\/v2\/types\/post"}],"author":[{"embeddable":true,"href":"https:\/\/zjarr.tv\/sq\/wp-json\/wp\/v2\/users\/2020"}],"replies":[{"embeddable":true,"href":"https:\/\/zjarr.tv\/sq\/wp-json\/wp\/v2\/comments?post=266414"}],"version-history":[{"count":0,"href":"https:\/\/zjarr.tv\/sq\/wp-json\/wp\/v2\/posts\/266414\/revisions"}],"wp:featuredmedia":[{"embeddable":true,"href":"https:\/\/zjarr.tv\/sq\/wp-json\/wp\/v2\/media\/266415"}],"wp:attachment":[{"href":"https:\/\/zjarr.tv\/sq\/wp-json\/wp\/v2\/media?parent=266414"}],"wp:term":[{"taxonomy":"category","embeddable":true,"href":"https:\/\/zjarr.tv\/sq\/wp-json\/wp\/v2\/categories?post=266414"},{"taxonomy":"post_tag","embeddable":true,"href":"https:\/\/zjarr.tv\/sq\/wp-json\/wp\/v2\/tags?post=266414"}],"curies":[{"name":"wp","href":"https:\/\/api.w.org\/{rel}","templated":true}]}}