{"id":266420,"date":"2022-06-25T16:40:23","date_gmt":"2022-06-25T14:40:23","guid":{"rendered":"https:\/\/zjarr.tv\/?p=266420"},"modified":"2022-06-25T16:40:23","modified_gmt":"2022-06-25T14:40:23","slug":"shpetim-nazarko-rama-nuk-kupton-nga-politika-reale-ai-njesoj-si-noli-nuk-e-njeh-vendin-e-vet","status":"publish","type":"post","link":"https:\/\/zjarr.tv\/sq\/shpetim-nazarko-rama-nuk-kupton-nga-politika-reale-ai-njesoj-si-noli-nuk-e-njeh-vendin-e-vet\/","title":{"rendered":"Shp\u00ebtim Nazarko: Rama nuk kupton nga politika reale, ai nj\u00ebsoj si Noli nuk e njeh vendin e vet"},"content":{"rendered":"<p>Analisti Shp\u00ebtim Nazarko ka komentuar luidhur me samitin e Bashkimit Europian ku u ndal tek fjalimi i kryeministrit ton\u00eb p\u00ebr t\u00eb cilin tha se Rama \u00ebsht\u00eb shum\u00eb larg t\u00eb t\u00eb kuptuarit t\u00eb politikave reale. Ai tha se fjalimi i Ram\u00ebs d\u00ebmton vendin ton\u00eb, nd\u00ebrsa shtoi jan\u00eb disa gj\u00ebra q\u00eb si p\u00ebrcakton dot kryeministri por vet\u00ebm i zbaton ato.<\/p>\n<p>Sipas tij, kur Rama t\u00eb flas\u00eb p\u00ebr Bullgarin\u00eb apo Maqedonin\u00eb duhet t\u00eb jet\u00eb shum\u00eb i kujdessh\u00ebm sepse ai q\u00eb prish k\u00ebt\u00eb aks prish m\u00eb tep\u00ebr sesa mendon kryeministri, pasi aksi Maqedoni- Bullgari- Shqip\u00ebri pengon interesat e fqinj\u00ebve.<\/p>\n<p>&#8220;Bullgaria ka at\u00eb drejt\u00eb. Si\u00e7 e gjykoj un\u00eb fjalimi i Ram\u00ebs \u00ebsht\u00eb nj\u00eb nga ato 4 fjalimet e spikatura t\u00eb shtetit. Nqs heqim paralele \u00ebsht\u00eb e ngjashme me fjal\u00ebn e Fan Nolit n\u00eb OKB. Mendoj se si fjalimi i Nolit dhe Ram\u00ebs mund t\u00eb quhet nj\u00eb fjalim i sh\u00ebnuar, por Rama si Noli jan\u00eb shum\u00eb larg t\u00eb kuptuarit t\u00eb vendit t\u00eb vet.<\/p>\n<p>Konfliktet q\u00eb kan\u00eb ndodhur at\u00ebher\u00eb po t\u00eb kthehemi pas n\u00eb koh\u00eb do shoh\u00ebsh se ato po ndodhin dhe tani dhe ajo q\u00eb s\u2019ka kuptuar Rama \u00ebsht\u00eb se krijuesit e shtetit ton\u00eb austriak\u00ebt jan\u00eb krijuar dhe vet\u00eb p\u00ebr t\u00eb penguar interesat tok\u00ebsore t\u00eb Rusis\u00eb t\u00eb cilat p\u00ebrmes Maqedonis\u00eb, Shqip\u00ebris\u00eb k\u00ebrkonin t\u00eb pushtonin pjes\u00ebn tjet\u00ebr t\u00eb bot\u00ebs, pra interesat kalojn\u00eb n\u00eb Bullgarin\u00eb e djeshme dhe Shqip\u00ebrin\u00eb e djeshme dhe t\u00eb sotme.<\/p>\n<p>Pra ky aks q\u00eb nis nga Shqip\u00ebria dhe shkon n\u00eb Bullgari \u00ebsht\u00eb aksi m\u00eb i r\u00ebnd\u00ebsish\u00ebm europian q\u00eb pengon interesat e Rusis\u00eb p\u00ebr t\u00eb vazhduar . k\u00ebshtu aleanca m\u00eb e madhe do t\u00eb ishte forcimi i aksit Shqip\u00ebri \u2013 Maqedoni- Bullgari q\u00eb materializohet si Korridori i 8.<\/p>\n<p>Mendoj se pavar\u00ebsisht fjalimit elokuent t\u00eb Ram\u00ebs p\u00ebr mua \u00ebsht\u00eb nj\u00eb d\u00ebm q\u00eb i ka b\u00ebr\u00eb vendit t\u00eb tij. Mund ta duartrokas n\u00ebse do isha nj\u00eb njeri i palidhur me skemat por nisur nga interesat tona nd\u00ebrkomb\u00ebtare dhe besoj se e ka domosdoshm\u00ebri jetike q\u00eb t\u00eb mos prishte marr\u00ebdh\u00ebniet me Bullgarin\u00eb. Jan\u00eb disa gj\u00ebra q\u00eb si p\u00ebrcakton dot kryeministri por i zbaton ato.<\/p>\n<p>Si\u00e7 e perceptoj un\u00eb k\u00ebt\u00eb problem, prishja e aksit Shqip\u00ebri Maqedoni- Bullgari si intereson vet\u00ebm Rusis\u00eb por edhe Europ\u00ebs sepse n\u00ebse do na ndihmonte realisht kjo rrug\u00eb pengon interesat tok\u00ebsore t\u00eb Rusis\u00eb ndaj ambicieve t\u00eb veta. Kur Rama t\u00eb flas\u00eb p\u00ebr Bullgarin\u00eb apo Maqedonin\u00eb duhet t\u00eb jet\u00eb shum\u00eb i kujdessh\u00ebm sepse ai q\u00eb prish k\u00ebt\u00eb aks prish m\u00eb tep\u00ebr sesa mendon kryeministri, pasi aksi Maqedoni Bullgari Shqip\u00ebri pengon interesat e fqinj\u00ebve&#8221;, tha ai.<\/p>\n<p>Sa i p\u00ebrket Ballkanit t\u00eb Hapur Nazarko tha se ajo \u00ebsht\u00eb nj\u00eb manov\u00ebr q\u00eb nuk t\u00eb \u00e7on askund. Ai theksoi se kjo nism\u00eb \u00ebsht\u00eb shum\u00eb her\u00eb m\u00eb e vog\u00ebl se sa mund t\u00eb jet\u00eb krijimi i \u2018Korridorit 8\u201d sepse vet\u00ebm ky e b\u00ebn vendin ton\u00eb partnere t\u00eb denj\u00eb p\u00ebr Europ\u00ebn.<\/p>\n<p>&#8220;Serbia ka nj\u00eb politik\u00eb t\u00eb ngjashme me at\u00eb t\u00eb Titos q\u00eb kan\u00eb kancelarit\u00eb shtet\u00ebrore t\u00eb klasit t\u00eb par\u00eb nd\u00ebrsa ne p\u00ebrfytyrojm\u00eb. Mendo sikur v\u00ebrtet t\u00eb nd\u00ebrtohet \u2018korridori 8\u2019 dhe n\u00eb k\u00ebt\u00eb aks armikun m\u00eb t\u00eb madh do t\u00eb kemi Serbin\u00eb, Greqin\u00eb sepse pozicionet e tyre ngelen si zorr\u00eb qorre pas nesh. N\u00eb k\u00ebt\u00eb sens besoj se Rama nuk po arrin t\u00eb kuptoj\u00eb se forma nuk pjell p\u00ebrmbajtje, por sqim\u00eb.<\/p>\n<p>Ne duhet t\u00eb kuptojm\u00eb se historia e Ballkanit t\u00eb hapur \u00ebsht\u00eb shum\u00eb her\u00eb m\u00eb pak me aksin e korridorit t\u00eb 8 sepse nd\u00ebrtimi i saj e b\u00ebn nj\u00eb nga fuqit\u00eb m\u00eb t\u00eb m\u00ebdha n\u00eb rajon. Mendoj q\u00eb historia e Ballkanit t\u00eb hapur \u00ebsht\u00eb nj\u00eb manov\u00ebr dhe Ram\u00ebs i duhet m\u00eb shum\u00eb se \u00e7do her\u00eb edhe p\u00ebr shkak t\u00eb marr\u00ebdh\u00ebnieve me Europ\u00ebn apo ekonomin\u00eb, i duhet t\u00eb nd\u00ebrtoj\u00eb kancelarin\u00eb e shtetit. Ti b\u00ebsh presion Europ\u00ebs me Ballkanin e hapur p\u00ebr mua \u00ebsht\u00eb qesharake&#8221; tha Nazarko.<\/p>\n","protected":false},"excerpt":{"rendered":"<p>Analisti Shp\u00ebtim Nazarko ka komentuar luidhur me samitin e Bashkimit Europian ku u ndal tek fjalimi i kryeministrit ton\u00eb p\u00ebr t\u00eb cilin tha se Rama \u00ebsht\u00eb shum\u00eb larg t\u00eb t\u00eb kuptuarit t\u00eb politikave reale. Ai tha se fjalimi i Ram\u00ebs d\u00ebmton vendin ton\u00eb, nd\u00ebrsa shtoi jan\u00eb disa gj\u00ebra q\u00eb si p\u00ebrcakton dot kryeministri por vet\u00ebm [&hellip;]<\/p>\n","protected":false},"author":2020,"featured_media":209172,"comment_status":"closed","ping_status":"closed","sticky":false,"template":"","format":"standard","meta":{"footnotes":""},"categories":[241,5380,231],"tags":[],"class_list":{"0":"post-266420","1":"post","2":"type-post","3":"status-publish","4":"format-standard","5":"has-post-thumbnail","7":"category-aktualitet","8":"category-kryesore","9":"category-lajme"},"_links":{"self":[{"href":"https:\/\/zjarr.tv\/sq\/wp-json\/wp\/v2\/posts\/266420","targetHints":{"allow":["GET"]}}],"collection":[{"href":"https:\/\/zjarr.tv\/sq\/wp-json\/wp\/v2\/posts"}],"about":[{"href":"https:\/\/zjarr.tv\/sq\/wp-json\/wp\/v2\/types\/post"}],"author":[{"embeddable":true,"href":"https:\/\/zjarr.tv\/sq\/wp-json\/wp\/v2\/users\/2020"}],"replies":[{"embeddable":true,"href":"https:\/\/zjarr.tv\/sq\/wp-json\/wp\/v2\/comments?post=266420"}],"version-history":[{"count":0,"href":"https:\/\/zjarr.tv\/sq\/wp-json\/wp\/v2\/posts\/266420\/revisions"}],"wp:featuredmedia":[{"embeddable":true,"href":"https:\/\/zjarr.tv\/sq\/wp-json\/wp\/v2\/media\/209172"}],"wp:attachment":[{"href":"https:\/\/zjarr.tv\/sq\/wp-json\/wp\/v2\/media?parent=266420"}],"wp:term":[{"taxonomy":"category","embeddable":true,"href":"https:\/\/zjarr.tv\/sq\/wp-json\/wp\/v2\/categories?post=266420"},{"taxonomy":"post_tag","embeddable":true,"href":"https:\/\/zjarr.tv\/sq\/wp-json\/wp\/v2\/tags?post=266420"}],"curies":[{"name":"wp","href":"https:\/\/api.w.org\/{rel}","templated":true}]}}