{"id":266432,"date":"2022-06-25T19:51:30","date_gmt":"2022-06-25T17:51:30","guid":{"rendered":"https:\/\/zjarr.tv\/?p=266432"},"modified":"2022-06-25T19:51:30","modified_gmt":"2022-06-25T17:51:30","slug":"jemi-te-mire-dhe-jemi-te-cmendur-me-mire-te-na-keni-me-vete-demokrati-ironizon-deklaraten-e-rames-kemi-nje-gomar-internacional-per-kryeminister","status":"publish","type":"post","link":"https:\/\/zjarr.tv\/sq\/jemi-te-mire-dhe-jemi-te-cmendur-me-mire-te-na-keni-me-vete-demokrati-ironizon-deklaraten-e-rames-kemi-nje-gomar-internacional-per-kryeminister\/","title":{"rendered":"\u201cJemi t\u00eb mir\u00eb dhe jemi t\u00eb \u00e7mendur, m\u00eb mir\u00eb t\u00eb na keni me vete\u201d, demokrati ironizon deklarat\u00ebn e Ram\u00ebs: Kemi nj\u00eb gomar internacional p\u00ebr kryeminist\u00ebr"},"content":{"rendered":"<p>Kryetari i K\u00ebshillit Komb\u00ebtar t\u00eb PD Edi Paloka ka komentuar p\u00ebrmes nj\u00eb statusi n\u00eb rrjete sociale deklarat\u00ebn e kryeministrit Edi Rama n\u00eb Forumin Europian pas samitit t\u00eb Brukselit.<\/p>\n<p>Rama p\u00ebrve\u00e7 gjuh\u00ebs s\u00eb ashp\u00ebr ndaj Bashkimit Europian, ka th\u00ebn\u00eb se ballkanasit jan\u00eb t\u00eb \u00e7mendur, por jan\u00eb edhe t\u00eb mir\u00eb. Sipas Edi Palok\u00ebs, ne kemi nj\u00eb gomar internacional p\u00ebr kryeminist\u00ebr, duke iu referuar deklaratave t\u00eb k\u00ebtij t\u00eb fundit.<\/p>\n<p><img loading=\"lazy\" decoding=\"async\" class=\"alignnone size-medium wp-image-266433\" src=\"https:\/\/zjarr.tv\/wp-content\/uploads\/2022\/06\/Untitled-design-2022-06-25T195032.833-300x169.jpg\" alt=\"\" width=\"300\" height=\"169\" srcset=\"https:\/\/zjarr.tv\/wp-content\/uploads\/2022\/06\/Untitled-design-2022-06-25T195032.833-300x169.jpg 300w, https:\/\/zjarr.tv\/wp-content\/uploads\/2022\/06\/Untitled-design-2022-06-25T195032.833-1024x576.jpg 1024w, https:\/\/zjarr.tv\/wp-content\/uploads\/2022\/06\/Untitled-design-2022-06-25T195032.833-768x432.jpg 768w, https:\/\/zjarr.tv\/wp-content\/uploads\/2022\/06\/Untitled-design-2022-06-25T195032.833-1536x864.jpg 1536w, https:\/\/zjarr.tv\/wp-content\/uploads\/2022\/06\/Untitled-design-2022-06-25T195032.833-696x392.jpg 696w, https:\/\/zjarr.tv\/wp-content\/uploads\/2022\/06\/Untitled-design-2022-06-25T195032.833-1068x601.jpg 1068w, https:\/\/zjarr.tv\/wp-content\/uploads\/2022\/06\/Untitled-design-2022-06-25T195032.833-747x420.jpg 747w, https:\/\/zjarr.tv\/wp-content\/uploads\/2022\/06\/Untitled-design-2022-06-25T195032.833.jpg 1920w\" sizes=\"auto, (max-width: 300px) 100vw, 300px\" \/><\/p>\n","protected":false},"excerpt":{"rendered":"<p>Kryetari i K\u00ebshillit Komb\u00ebtar t\u00eb PD Edi Paloka ka komentuar p\u00ebrmes nj\u00eb statusi n\u00eb rrjete sociale deklarat\u00ebn e kryeministrit Edi Rama n\u00eb Forumin Europian pas samitit t\u00eb Brukselit. Rama p\u00ebrve\u00e7 gjuh\u00ebs s\u00eb ashp\u00ebr ndaj Bashkimit Europian, ka th\u00ebn\u00eb se ballkanasit jan\u00eb t\u00eb \u00e7mendur, por jan\u00eb edhe t\u00eb mir\u00eb. Sipas Edi Palok\u00ebs, ne kemi nj\u00eb gomar [&hellip;]<\/p>\n","protected":false},"author":2030,"featured_media":266434,"comment_status":"closed","ping_status":"closed","sticky":false,"template":"","format":"standard","meta":{"footnotes":""},"categories":[241,3366,5380,231,1454],"tags":[],"class_list":{"0":"post-266432","1":"post","2":"type-post","3":"status-publish","4":"format-standard","5":"has-post-thumbnail","7":"category-aktualitet","8":"category-koment","9":"category-kryesore","10":"category-lajme","11":"category-politike"},"_links":{"self":[{"href":"https:\/\/zjarr.tv\/sq\/wp-json\/wp\/v2\/posts\/266432","targetHints":{"allow":["GET"]}}],"collection":[{"href":"https:\/\/zjarr.tv\/sq\/wp-json\/wp\/v2\/posts"}],"about":[{"href":"https:\/\/zjarr.tv\/sq\/wp-json\/wp\/v2\/types\/post"}],"author":[{"embeddable":true,"href":"https:\/\/zjarr.tv\/sq\/wp-json\/wp\/v2\/users\/2030"}],"replies":[{"embeddable":true,"href":"https:\/\/zjarr.tv\/sq\/wp-json\/wp\/v2\/comments?post=266432"}],"version-history":[{"count":0,"href":"https:\/\/zjarr.tv\/sq\/wp-json\/wp\/v2\/posts\/266432\/revisions"}],"wp:featuredmedia":[{"embeddable":true,"href":"https:\/\/zjarr.tv\/sq\/wp-json\/wp\/v2\/media\/266434"}],"wp:attachment":[{"href":"https:\/\/zjarr.tv\/sq\/wp-json\/wp\/v2\/media?parent=266432"}],"wp:term":[{"taxonomy":"category","embeddable":true,"href":"https:\/\/zjarr.tv\/sq\/wp-json\/wp\/v2\/categories?post=266432"},{"taxonomy":"post_tag","embeddable":true,"href":"https:\/\/zjarr.tv\/sq\/wp-json\/wp\/v2\/tags?post=266432"}],"curies":[{"name":"wp","href":"https:\/\/api.w.org\/{rel}","templated":true}]}}