{"id":266438,"date":"2022-06-25T19:56:07","date_gmt":"2022-06-25T17:56:07","guid":{"rendered":"https:\/\/zjarr.tv\/?p=266438"},"modified":"2022-06-25T19:56:07","modified_gmt":"2022-06-25T17:56:07","slug":"aman-ore-me-thoni-cfare-sekreti-ka-ne-kete-vend-qe-ti-gjejme-pazar-artan-hoxha-ngre-pyetjen-shqetesuese-po-mire-mor-burre-akuzojme-nga-mengjesi-ne-darke-kryeministrin","status":"publish","type":"post","link":"https:\/\/zjarr.tv\/sq\/aman-ore-me-thoni-cfare-sekreti-ka-ne-kete-vend-qe-ti-gjejme-pazar-artan-hoxha-ngre-pyetjen-shqetesuese-po-mire-mor-burre-akuzojme-nga-mengjesi-ne-darke-kryeministrin\/","title":{"rendered":"\u201cAman ore m\u00eb thoni \u00e7far\u00eb sekreti ka n\u00eb k\u00ebt\u00eb vend q\u00eb t\u2019i gjejm\u00eb pazar&#8230;\u201d\/ Artan Hoxha ngre pyetjen shqet\u00ebsuese: Po mir\u00eb mor burr\u00eb, akuzojm\u00eb nga m\u00ebngjesi n\u00eb dark\u00eb kryeministrin se na ka shitur te Serbia dhe pastaj k\u00ebrkojm\u00eb&#8230;"},"content":{"rendered":"<p>Eksperti Ervin Karamu\u00e7o n\u00eb nj\u00eb reagim n\u00eb rrjetet sociale zbulon se zyrtari i kabinetit qeveritar do t\u2019i shiste sekrete shtet\u00ebrore diplomatit, n\u00eb k\u00ebmbim t\u00eb shkollimit t\u00eb djalit t\u00eb tij jasht\u00eb.<\/p>\n<p>Nd\u00ebrsa gazetari Artan Hoxha ngre pyetjen se \u00e7far\u00eb sekreti ka vend q\u00eb nuk \u00ebsht\u00eb shitur.<\/p>\n<p>Postimi i plot\u00eb:<\/p>\n<p>Kush \u00ebsht\u00eb &#8220;\u00c7el\u00ebsi&#8221;? Personazhi misterioz me funksion t\u00eb lart\u00eb shtet\u00ebror n\u00eb kabinetet qeveritare, q\u00eb tentoi t\u00eb shiste sekrete shtet\u00ebrore tek agjencit\u00eb e huaja jo miq\u00ebsore, n\u00eb k\u00ebmbim t\u00eb shkollimit t\u00eb djalit t\u00eb tij?<\/p>\n<p>KOMENTET<\/p>\n<p>Artan Hoxha: Po mire mor burre akuzojme kryeministrin nga mengjesi ne darke se na ka shitur te Serbia dhe pastaj kerkojme \u201cky\u00e7in\u201d se ka shitur sekrete te nje shteti \u201chan pa porta\u201d<\/p>\n<p>Aman ore me thoni cfare sekreti ka ne kete vend qe ti gjejme pazar ku ta shesim<\/p>\n<p>Ervin Karamu\u00e7o: Artan Hoxha ahhahaahahah<\/p>\n<p>Poli Hoxha: Artan Hoxha e ke dosjen e &#8220;Mikut&#8221;?, \u00e7ek te bardhe ke<\/p>\n<p>Ervin Karamu\u00e7o: Poli Hoxha kjo histori, si \u00e7do tjet\u00ebr 3 dit\u00eb do zgjas\u00eb, por ajo q\u00eb do mbetet jan\u00eb brengat e atij djali q\u00eb u shkollua mbi nj\u00eb tradhti komb\u00ebtare.<\/p>\n<p><img loading=\"lazy\" decoding=\"async\" class=\"alignnone size-medium wp-image-266440\" src=\"https:\/\/zjarr.tv\/wp-content\/uploads\/2022\/06\/Untitled-design-2022-06-25T195553.818-300x169.jpg\" alt=\"\" width=\"300\" height=\"169\" srcset=\"https:\/\/zjarr.tv\/wp-content\/uploads\/2022\/06\/Untitled-design-2022-06-25T195553.818-300x169.jpg 300w, https:\/\/zjarr.tv\/wp-content\/uploads\/2022\/06\/Untitled-design-2022-06-25T195553.818-1024x576.jpg 1024w, https:\/\/zjarr.tv\/wp-content\/uploads\/2022\/06\/Untitled-design-2022-06-25T195553.818-768x432.jpg 768w, https:\/\/zjarr.tv\/wp-content\/uploads\/2022\/06\/Untitled-design-2022-06-25T195553.818-1536x864.jpg 1536w, https:\/\/zjarr.tv\/wp-content\/uploads\/2022\/06\/Untitled-design-2022-06-25T195553.818-696x392.jpg 696w, https:\/\/zjarr.tv\/wp-content\/uploads\/2022\/06\/Untitled-design-2022-06-25T195553.818-1068x601.jpg 1068w, https:\/\/zjarr.tv\/wp-content\/uploads\/2022\/06\/Untitled-design-2022-06-25T195553.818-747x420.jpg 747w, https:\/\/zjarr.tv\/wp-content\/uploads\/2022\/06\/Untitled-design-2022-06-25T195553.818.jpg 1920w\" sizes=\"auto, (max-width: 300px) 100vw, 300px\" \/><\/p>\n","protected":false},"excerpt":{"rendered":"<p>Eksperti Ervin Karamu\u00e7o n\u00eb nj\u00eb reagim n\u00eb rrjetet sociale zbulon se zyrtari i kabinetit qeveritar do t\u2019i shiste sekrete shtet\u00ebrore diplomatit, n\u00eb k\u00ebmbim t\u00eb shkollimit t\u00eb djalit t\u00eb tij jasht\u00eb. Nd\u00ebrsa gazetari Artan Hoxha ngre pyetjen se \u00e7far\u00eb sekreti ka vend q\u00eb nuk \u00ebsht\u00eb shitur. Postimi i plot\u00eb: Kush \u00ebsht\u00eb &#8220;\u00c7el\u00ebsi&#8221;? Personazhi misterioz me funksion [&hellip;]<\/p>\n","protected":false},"author":2030,"featured_media":266439,"comment_status":"closed","ping_status":"closed","sticky":false,"template":"","format":"standard","meta":{"footnotes":""},"categories":[241,3366,5380,231,1454],"tags":[],"class_list":{"0":"post-266438","1":"post","2":"type-post","3":"status-publish","4":"format-standard","5":"has-post-thumbnail","7":"category-aktualitet","8":"category-koment","9":"category-kryesore","10":"category-lajme","11":"category-politike"},"_links":{"self":[{"href":"https:\/\/zjarr.tv\/sq\/wp-json\/wp\/v2\/posts\/266438","targetHints":{"allow":["GET"]}}],"collection":[{"href":"https:\/\/zjarr.tv\/sq\/wp-json\/wp\/v2\/posts"}],"about":[{"href":"https:\/\/zjarr.tv\/sq\/wp-json\/wp\/v2\/types\/post"}],"author":[{"embeddable":true,"href":"https:\/\/zjarr.tv\/sq\/wp-json\/wp\/v2\/users\/2030"}],"replies":[{"embeddable":true,"href":"https:\/\/zjarr.tv\/sq\/wp-json\/wp\/v2\/comments?post=266438"}],"version-history":[{"count":0,"href":"https:\/\/zjarr.tv\/sq\/wp-json\/wp\/v2\/posts\/266438\/revisions"}],"wp:featuredmedia":[{"embeddable":true,"href":"https:\/\/zjarr.tv\/sq\/wp-json\/wp\/v2\/media\/266439"}],"wp:attachment":[{"href":"https:\/\/zjarr.tv\/sq\/wp-json\/wp\/v2\/media?parent=266438"}],"wp:term":[{"taxonomy":"category","embeddable":true,"href":"https:\/\/zjarr.tv\/sq\/wp-json\/wp\/v2\/categories?post=266438"},{"taxonomy":"post_tag","embeddable":true,"href":"https:\/\/zjarr.tv\/sq\/wp-json\/wp\/v2\/tags?post=266438"}],"curies":[{"name":"wp","href":"https:\/\/api.w.org\/{rel}","templated":true}]}}