{"id":266445,"date":"2022-06-26T09:55:11","date_gmt":"2022-06-26T07:55:11","guid":{"rendered":"https:\/\/zjarr.tv\/?p=266445"},"modified":"2022-06-26T09:55:11","modified_gmt":"2022-06-26T07:55:11","slug":"rama-publikon-pamjet-nga-rruga-e-re-kardhiq-delvine-hapet-se-shpejti","status":"publish","type":"post","link":"https:\/\/zjarr.tv\/sq\/rama-publikon-pamjet-nga-rruga-e-re-kardhiq-delvine-hapet-se-shpejti\/","title":{"rendered":"Rama publikon pamjet nga rruga e re Kardhiq-Delvin\u00eb: Hapet s\u00eb shpejti!"},"content":{"rendered":"<p>Kryeministri Edi Rama ka shp\u00ebrndar\u00eb nj\u00eb video nga punimet e fundit t\u00eb rrug\u00ebs s\u00eb re komb\u00ebtare Kardhiq-Delvin\u00eb, e deri n\u00eb Sarand\u00eb.<\/p>\n<p>Rama b\u00ebn me dije se k\u00ebto pamje vijn\u00eb pak dit\u00eb para se t\u00eb hapet p\u00ebr t\u00eb gjitha automjetet, kjo rrug\u00eb komb\u00ebtare.<\/p>\n<p> \u201cMIR\u00cbM\u00cbNGJES<\/p>\n<p>dhe me k\u00ebto pamje thuajse finale, fare pak dit\u00eb para se t\u00eb hapet p\u00ebr t\u00eb gjitha automjetet, rruga e re komb\u00ebtare Kardhiq-Delvin\u00eb e deri n\u00eb Sarand\u00eb, ju uroj nj\u00eb t\u00eb diel t\u00eb qet\u00eb\u201d, shkruan Rama n\u00eb videon q\u00eb shp\u00ebrndan n\u00eb Facebook.<\/p>\n","protected":false},"excerpt":{"rendered":"<p>Kryeministri Edi Rama ka shp\u00ebrndar\u00eb nj\u00eb video nga punimet e fundit t\u00eb rrug\u00ebs s\u00eb re komb\u00ebtare Kardhiq-Delvin\u00eb, e deri n\u00eb Sarand\u00eb. Rama b\u00ebn me dije se k\u00ebto pamje vijn\u00eb pak dit\u00eb para se t\u00eb hapet p\u00ebr t\u00eb gjitha automjetet, kjo rrug\u00eb komb\u00ebtare. \u201cMIR\u00cbM\u00cbNGJES dhe me k\u00ebto pamje thuajse finale, fare pak dit\u00eb para se t\u00eb [&hellip;]<\/p>\n","protected":false},"author":2031,"featured_media":266446,"comment_status":"closed","ping_status":"closed","sticky":false,"template":"","format":"standard","meta":{"footnotes":""},"categories":[241,231,235],"tags":[],"class_list":{"0":"post-266445","1":"post","2":"type-post","3":"status-publish","4":"format-standard","5":"has-post-thumbnail","7":"category-aktualitet","8":"category-lajme","9":"category-vendi"},"_links":{"self":[{"href":"https:\/\/zjarr.tv\/sq\/wp-json\/wp\/v2\/posts\/266445","targetHints":{"allow":["GET"]}}],"collection":[{"href":"https:\/\/zjarr.tv\/sq\/wp-json\/wp\/v2\/posts"}],"about":[{"href":"https:\/\/zjarr.tv\/sq\/wp-json\/wp\/v2\/types\/post"}],"author":[{"embeddable":true,"href":"https:\/\/zjarr.tv\/sq\/wp-json\/wp\/v2\/users\/2031"}],"replies":[{"embeddable":true,"href":"https:\/\/zjarr.tv\/sq\/wp-json\/wp\/v2\/comments?post=266445"}],"version-history":[{"count":0,"href":"https:\/\/zjarr.tv\/sq\/wp-json\/wp\/v2\/posts\/266445\/revisions"}],"wp:featuredmedia":[{"embeddable":true,"href":"https:\/\/zjarr.tv\/sq\/wp-json\/wp\/v2\/media\/266446"}],"wp:attachment":[{"href":"https:\/\/zjarr.tv\/sq\/wp-json\/wp\/v2\/media?parent=266445"}],"wp:term":[{"taxonomy":"category","embeddable":true,"href":"https:\/\/zjarr.tv\/sq\/wp-json\/wp\/v2\/categories?post=266445"},{"taxonomy":"post_tag","embeddable":true,"href":"https:\/\/zjarr.tv\/sq\/wp-json\/wp\/v2\/tags?post=266445"}],"curies":[{"name":"wp","href":"https:\/\/api.w.org\/{rel}","templated":true}]}}