{"id":266624,"date":"2022-06-27T10:51:32","date_gmt":"2022-06-27T08:51:32","guid":{"rendered":"https:\/\/zjarr.tv\/?p=266624"},"modified":"2022-06-27T10:51:32","modified_gmt":"2022-06-27T08:51:32","slug":"djegia-e-fasonerise-ne-vlore-2-autoret-thyen-dritaren-hodhen-lenden-djegese-dhe-i-vune-flaken","status":"publish","type":"post","link":"https:\/\/zjarr.tv\/sq\/djegia-e-fasonerise-ne-vlore-2-autoret-thyen-dritaren-hodhen-lenden-djegese-dhe-i-vune-flaken\/","title":{"rendered":"Djegia e fasoneris\u00eb n\u00eb Vlor\u00eb, 2 autor\u00ebt thyen dritaren, hodh\u00ebn l\u00ebnd\u00ebn djeg\u00ebse dhe i vun\u00eb flak\u00ebn"},"content":{"rendered":"<p>Detaje t\u00eb reja jan\u00eb zbardhur nga ngjarja n\u00eb Vlor\u00eb, ku iu vu zjarri gjat\u00eb nat\u00ebs nj\u00eb fasonerie.<\/p>\n<p>B\u00ebhet me dije se kamerat e siguris\u00eb filmuan 2 autor\u00ebt, t\u00eb cil\u00ebt thyen dritaren e pasme t\u00eb godin\u00ebs dhe hodh\u00ebn l\u00ebnd\u00ebn djeg\u00ebse dhe i vun\u00eb flak\u00ebn fasoneris\u00eb.<\/p>\n<p>Fasoneria \u201cAlbanian lab\u201d q\u00eb u dogj \u00ebsht\u00eb n\u00eb pron\u00ebsi t\u00eb nj\u00eb italiani, shtetasi Mariarosaria Ratta. Shkak i zjarrv\u00ebnie dyshohet se \u00ebsht\u00eb b\u00ebr\u00eb konkurrenca.<\/p>\n<p>Fasoneria ushtronte veprimtarin\u00eb n\u00eb fush\u00ebn e rrobaqep\u00ebsis\u00eb dhe merrej me qepje k\u00ebpuc\u00ebsh, prodhimin dhe montimin e tyre si dhe tregtimin me shumic\u00eb e pakic\u00eb t\u00eb artikujve t\u00eb ndrysh\u00ebm fason, hekurosje e lavanderi. Grupi hetimor po punon p\u00ebr zbardhjen e plot\u00eb t\u00eb rrethanave t\u00eb ngjarjes.<\/p>\n","protected":false},"excerpt":{"rendered":"<p>Detaje t\u00eb reja jan\u00eb zbardhur nga ngjarja n\u00eb Vlor\u00eb, ku iu vu zjarri gjat\u00eb nat\u00ebs nj\u00eb fasonerie. B\u00ebhet me dije se kamerat e siguris\u00eb filmuan 2 autor\u00ebt, t\u00eb cil\u00ebt thyen dritaren e pasme t\u00eb godin\u00ebs dhe hodh\u00ebn l\u00ebnd\u00ebn djeg\u00ebse dhe i vun\u00eb flak\u00ebn fasoneris\u00eb. Fasoneria \u201cAlbanian lab\u201d q\u00eb u dogj \u00ebsht\u00eb n\u00eb pron\u00ebsi t\u00eb nj\u00eb [&hellip;]<\/p>\n","protected":false},"author":2030,"featured_media":266629,"comment_status":"closed","ping_status":"closed","sticky":false,"template":"","format":"standard","meta":{"footnotes":""},"categories":[241,5380,231],"tags":[],"class_list":{"0":"post-266624","1":"post","2":"type-post","3":"status-publish","4":"format-standard","5":"has-post-thumbnail","7":"category-aktualitet","8":"category-kryesore","9":"category-lajme"},"_links":{"self":[{"href":"https:\/\/zjarr.tv\/sq\/wp-json\/wp\/v2\/posts\/266624","targetHints":{"allow":["GET"]}}],"collection":[{"href":"https:\/\/zjarr.tv\/sq\/wp-json\/wp\/v2\/posts"}],"about":[{"href":"https:\/\/zjarr.tv\/sq\/wp-json\/wp\/v2\/types\/post"}],"author":[{"embeddable":true,"href":"https:\/\/zjarr.tv\/sq\/wp-json\/wp\/v2\/users\/2030"}],"replies":[{"embeddable":true,"href":"https:\/\/zjarr.tv\/sq\/wp-json\/wp\/v2\/comments?post=266624"}],"version-history":[{"count":0,"href":"https:\/\/zjarr.tv\/sq\/wp-json\/wp\/v2\/posts\/266624\/revisions"}],"wp:featuredmedia":[{"embeddable":true,"href":"https:\/\/zjarr.tv\/sq\/wp-json\/wp\/v2\/media\/266629"}],"wp:attachment":[{"href":"https:\/\/zjarr.tv\/sq\/wp-json\/wp\/v2\/media?parent=266624"}],"wp:term":[{"taxonomy":"category","embeddable":true,"href":"https:\/\/zjarr.tv\/sq\/wp-json\/wp\/v2\/categories?post=266624"},{"taxonomy":"post_tag","embeddable":true,"href":"https:\/\/zjarr.tv\/sq\/wp-json\/wp\/v2\/tags?post=266624"}],"curies":[{"name":"wp","href":"https:\/\/api.w.org\/{rel}","templated":true}]}}