{"id":266633,"date":"2022-06-27T10:57:59","date_gmt":"2022-06-27T08:57:59","guid":{"rendered":"https:\/\/zjarr.tv\/?p=266633"},"modified":"2022-06-27T10:57:59","modified_gmt":"2022-06-27T08:57:59","slug":"korca-elbasani-dhe-kukesi-na-lane-shendene","status":"publish","type":"post","link":"https:\/\/zjarr.tv\/sq\/korca-elbasani-dhe-kukesi-na-lane-shendene\/","title":{"rendered":"Kor\u00e7a, Elbasani dhe Kuk\u00ebsi na lan\u00eb \u2018Sh\u00ebnden\u00eb\u2019!"},"content":{"rendered":"<p>Nga Edi Oga<\/p>\n<p>Duket si loj\u00eb fjal\u00ebsh apo si shaka vere, por nuk \u00ebsht\u00eb e till\u00eb.<\/p>\n<p>Imagjinoni sikur t\u00eb kishit vizituar k\u00ebto qytete p\u00ebra gjasht\u00eb vitesh dhe t\u2019i rivizitoni k\u00ebt\u00eb ver\u00eb e t\u2019i gjenit bosh? Pa njer\u00ebz. Zero. Kjo \u00ebsht\u00eb p\u00ebr t\u00eb th\u00ebn\u00eb ndryshe se n\u00eb gjasht\u00eb vitet e fundit Shqip\u00ebrin\u00eb e kan\u00eb l\u00ebn\u00eb aq njer\u00ebz sa numri i qytetar\u00ebve q\u00eb figurojn\u00eb n\u00eb gjendjet civile t\u00eb qyteteve Kor\u00e7\u00eb, Elbasan dhe Kuk\u00ebs t\u00eb marra s\u00eb bashku!<\/p>\n<p>Mbase e shpjeguar k\u00ebshtu, efekti \u00ebsht\u00eb m\u00eb dramatik!<\/p>\n<p>Mbase vet\u00ebm duke par\u00eb qytete t\u00eb zbrazura krejt\u00ebsisht, ne do t\u00eb bindeshim q\u00eb Shqip\u00ebria po zbrazet!<\/p>\n<p>Shqiptar\u00ebt po ikin masivisht! 220 mij\u00eb qytetar\u00eb e lan\u00eb vendin n\u00eb gjasht\u00eb vite!<\/p>\n<p>Le t\u00eb shkojn\u00eb, mund t\u00eb thon\u00eb disa, n\u00eb fund t\u00eb fundit njeriu ka vet\u00ebm nj\u00eb jet\u00eb dhe i takon ta jetoj\u00eb atje ku i b\u00ebhet m\u00eb mir\u00eb! M\u00eb duket e drejt\u00eb! Por n\u00ebse pyesim ata q\u00eb \u201cjan\u00eb rregulluar\u201d andej, ku do t\u00eb donin t\u00eb ishin \u201ct\u00eb rregulluar\u201d, n\u00eb vend t\u00eb huaj apo n\u00eb vendin e tyre? Besoj shumica e tyre do t\u00eb kishin preferuar t\u00eb ishin mir\u00eb n\u00eb vendin e tyre. Sepse vendi i tyre (pra Shqip\u00ebria jon\u00eb) \u00ebsht\u00eb nj\u00eb vend me klim\u00eb t\u00eb p\u00ebrsosur, me natyr\u00eb t\u00eb mrekullueshme, me male, me fusha, me lumenj, liqene e dete t\u00eb gjith\u00eb pran\u00eb nj\u00ebri-tjetrit. Toka \u00ebsh\u00ebt pjellore. Perimet, frutat, veza, mishi e qum\u00ebshti kan\u00eb shije. Sepse n\u00eb vendin t\u00ebnd flet gjuh\u00ebn t\u00ebnde, ke njer\u00ebzit e tu, ke familjar\u00eb e kush\u00ebrinj, ke shok\u00eb e ke miq!<\/p>\n<p>Problemi \u00ebsht\u00eb se ne nuk \u201cu rregulluam\u201d dot t\u00eb gjith\u00eb k\u00ebtu. Disa u rregulluan \u201cfort dhe shpejt\u2019, por e b\u00ebn\u00eb n\u00eb m\u00ebnyr\u00eb t\u00eb paligjshme, t\u00eb pabes\u00eb dhe t\u00eb ndyr\u00eb; ata u pasuruan pa merit\u00eb n\u00eb kurriz t\u00eb pjes\u00ebs tjet\u00ebr. T\u00eb asaj pjese q\u00eb i besoi, i votoi dhe i toleroi. Tek ajo pjes\u00eb q\u00eb besoi tek liria dhe demokracia e v\u00ebrtet\u00eb dhe si shp\u00ebrblim mor\u00ebn varf\u00ebrin\u00eb e pandryshueshme, mor\u00ebn zhg\u00ebnjimin dhe vrasjen e shpres\u00ebs.<\/p>\n<p>Ata qa emigrojn\u00eb duhen kuptuar mir\u00eb. Hiq ambicioz\u00ebt dhe aventurier\u00ebt, t\u00eb gjith\u00eb t\u00eb tjer\u00ebt nuk e kan\u00eb pasur aspak t\u00eb leht\u00eb t\u00eb marrrin at\u00eb vendim, kan\u00eb luftuar me muaj e me vite brenda vetes p\u00ebr largimin e madh.<\/p>\n<p>Nuk e dim\u00eb n\u00ebse hapja e negociatave, pra hapi i radh\u00ebs i Shqip\u00ebris\u00eb m\u00eb pran\u00eb Bashkimit Evropian, do ta ndal\u00eb a do ta shtoj\u00eb \u201chemorragjin\u00eb\u201d e shqiptar\u00ebve!<\/p>\n<p>Nuk e dim\u00eb n\u00ebse edhe ne t\u00eb tjer\u00ebve jeta do t\u00eb na v\u00ebr\u00eb n\u00eb dilem\u00ebn t\u00eb rrim\u00eb apo t\u00eb ikim!<\/p>\n<p>Nj\u00eb gj\u00eb e dim\u00eb me siguri; jeta \u00ebsht\u00eb b\u00ebr\u00eb m\u00eb e v\u00ebshtir\u00eb dhe pasiguria p\u00ebr t\u00eb m\u00eb e madhe se m\u00eb par\u00eb. Jo vet\u00ebm n\u00eb Shqip\u00ebri. N\u00ebse e vetmja zgjidhje p\u00ebr nj\u00eb jet\u00eb m\u00eb t\u00eb mir\u00eb \u00ebsht\u00eb largimi, le t\u00eb largohemi t\u00eb gjith\u00eb. N\u00ebse ka ndonj\u00eb mund\u00ebsi q\u00eb jet\u00ebn ta nd\u00ebrtojm\u00eb e ta jetojm\u00eb k\u00ebtu ku na takon dhe na p\u00eblqen m\u00eb tep\u00ebr, t\u00eb mos e injorojm\u00eb. Duhet mbledhur mendja. Sot, se nes\u00ebr \u00ebsht\u00eb tep\u00ebr von\u00eb! \/Newsbomb.al.<\/p>\n","protected":false},"excerpt":{"rendered":"<p>Nga Edi Oga Duket si loj\u00eb fjal\u00ebsh apo si shaka vere, por nuk \u00ebsht\u00eb e till\u00eb. Imagjinoni sikur t\u00eb kishit vizituar k\u00ebto qytete p\u00ebra gjasht\u00eb vitesh dhe t\u2019i rivizitoni k\u00ebt\u00eb ver\u00eb e t\u2019i gjenit bosh? Pa njer\u00ebz. Zero. Kjo \u00ebsht\u00eb p\u00ebr t\u00eb th\u00ebn\u00eb ndryshe se n\u00eb gjasht\u00eb vitet e fundit Shqip\u00ebrin\u00eb e kan\u00eb l\u00ebn\u00eb aq [&hellip;]<\/p>\n","protected":false},"author":2031,"featured_media":185664,"comment_status":"closed","ping_status":"closed","sticky":false,"template":"","format":"standard","meta":{"footnotes":""},"categories":[241,231,235],"tags":[],"class_list":{"0":"post-266633","1":"post","2":"type-post","3":"status-publish","4":"format-standard","5":"has-post-thumbnail","7":"category-aktualitet","8":"category-lajme","9":"category-vendi"},"_links":{"self":[{"href":"https:\/\/zjarr.tv\/sq\/wp-json\/wp\/v2\/posts\/266633","targetHints":{"allow":["GET"]}}],"collection":[{"href":"https:\/\/zjarr.tv\/sq\/wp-json\/wp\/v2\/posts"}],"about":[{"href":"https:\/\/zjarr.tv\/sq\/wp-json\/wp\/v2\/types\/post"}],"author":[{"embeddable":true,"href":"https:\/\/zjarr.tv\/sq\/wp-json\/wp\/v2\/users\/2031"}],"replies":[{"embeddable":true,"href":"https:\/\/zjarr.tv\/sq\/wp-json\/wp\/v2\/comments?post=266633"}],"version-history":[{"count":0,"href":"https:\/\/zjarr.tv\/sq\/wp-json\/wp\/v2\/posts\/266633\/revisions"}],"wp:featuredmedia":[{"embeddable":true,"href":"https:\/\/zjarr.tv\/sq\/wp-json\/wp\/v2\/media\/185664"}],"wp:attachment":[{"href":"https:\/\/zjarr.tv\/sq\/wp-json\/wp\/v2\/media?parent=266633"}],"wp:term":[{"taxonomy":"category","embeddable":true,"href":"https:\/\/zjarr.tv\/sq\/wp-json\/wp\/v2\/categories?post=266633"},{"taxonomy":"post_tag","embeddable":true,"href":"https:\/\/zjarr.tv\/sq\/wp-json\/wp\/v2\/tags?post=266633"}],"curies":[{"name":"wp","href":"https:\/\/api.w.org\/{rel}","templated":true}]}}