{"id":266664,"date":"2022-06-27T12:14:34","date_gmt":"2022-06-27T10:14:34","guid":{"rendered":"https:\/\/zjarr.tv\/?p=266664"},"modified":"2022-06-27T12:14:34","modified_gmt":"2022-06-27T10:14:34","slug":"bordi-vendos-cmimet-e-reja-per-produktet-ushqimore-baze","status":"publish","type":"post","link":"https:\/\/zjarr.tv\/sq\/bordi-vendos-cmimet-e-reja-per-produktet-ushqimore-baze\/","title":{"rendered":"Bordi vendos \u00e7mimet e reja p\u00ebr produktet ushqimore baz\u00eb"},"content":{"rendered":"<p>Vendim i Bordit t\u00eb Transparenc\u00ebs t\u00eb Monitorimit t\u00eb \u00e7mimeve t\u00eb produkteve ushqimore baz\u00eb, dat\u00eb 27.06.2022<\/p>\n<p>Bordi i Transparenc\u00ebs dhe Monitorimit t\u00eb \u00c7mimeve t\u00eb Tregtimit me Shumic\u00eb\/Pakic\u00eb t\u00eb produkteve ushqimore baz\u00eb dhe produkteve t\u00eb tjera t\u00eb lidhura me to n\u00eb zbatim t\u00eb aktit normativ nr. 7, dat\u00eb 18.03.2022 \u201cP\u00ebr transparenc\u00ebn dhe monitorimin e \u00e7mimit p\u00ebr disa produkte ushqimore baz\u00eb dhe produkte t\u00eb tjera t\u00eb lidhura me to, si pasoj\u00eb e situat\u00ebs s\u00eb ve\u00e7ant\u00eb t\u00eb krijuar n\u00eb treg\u201d,<\/p>\n<p>VENDOSI<\/p>\n<p>Miratimin e marzheve q\u00eb do t\u00eb aplikohen p\u00ebr produktin ushqimor baz\u00eb sheqer, si pasoj\u00eb e situat\u00ebs s\u00eb ve\u00e7ant\u00eb t\u00eb krijuar nga rritja e \u00e7mimeve nd\u00ebrkomb\u00ebtare.<\/p>\n<p>P\u00ebr artikullin sheqer (1 kg) miratohen marzhet si m\u00eb posht\u00eb:<\/p>\n<p>Marzhi tavan i tregtimit t\u00eb shitjes me shumic\u00eb t\u00eb sheqerit nga importuesi dhe ambalazhuesi \u00ebsht\u00eb 15 lek\u00eb\/kg (6 lek\u00eb\/kg p\u00ebr importuesin dhe 9 lek\u00eb\/kg p\u00ebr ambalazhuesin) mbi koston e importit plus detyrimet e paguara n\u00eb dogan\u00eb.<\/p>\n<p>Marzhi i tregtimit t\u00eb transportuesit i cili mund t\u00eb jet\u00eb shit\u00ebsi me shumic\u00eb, shit\u00ebsi me pakic\u00eb apo pal\u00eb t\u00eb treta, nga magazina e shit\u00ebsit me shumic\u00eb tek magazina e shit\u00ebsit me pakic\u00eb \u00ebsht\u00eb 2 lek\u00eb\/kg mbi \u00e7mimin e llogaritur sipas g\u00ebrm\u00ebs \u201ca\u201d t\u00eb k\u00ebtij paragrafi.<\/p>\n<p>Marzhi i tregtimit t\u00eb shitjes n\u00eb nj\u00ebsit\u00eb e tregtimit me pakic\u00eb t\u00eb produktit sheqer \u00ebsht\u00eb 3 lek\u00eb\/kg mbi \u00e7mimin e llogaritur sipas g\u00ebrm\u00ebs \u201ca\u201d t\u00eb k\u00ebtij paragrafi plus transportin sipas g\u00ebrm\u00ebs \u201cb\u201d t\u00eb k\u00ebtij paragrafi.<\/p>\n<p>Ky vendim \u00ebsht\u00eb i detyruesh\u00ebm p\u00ebr t\u00eb gjitha subjektet q\u00eb tregtojn\u00eb me shumic\u00eb\/pakic\u00eb produktin e p\u00ebrcaktuara n\u00eb k\u00ebt\u00eb vendim.<\/p>\n<p>N\u00eb pasqyr\u00ebn nr. 1 m\u00eb posht\u00eb jepen t\u00eb dh\u00ebnat n\u00eb lidhje me p\u00ebrllogaritjet e \u00e7mimit tavan t\u00eb tregtimit sipas marzheve t\u00eb p\u00ebrcaktuara n\u00eb pik\u00ebn 2 t\u00eb k\u00ebtij vendimi.<\/p>\n<p>Ky vendim hyn n\u00eb fuqi n\u00eb dat\u00eb 27.06.2022 dhe i shtrin efektet deri n\u00eb mbledhjen e ardhshme t\u00eb Bordit.<\/p>\n","protected":false},"excerpt":{"rendered":"<p>Vendim i Bordit t\u00eb Transparenc\u00ebs t\u00eb Monitorimit t\u00eb \u00e7mimeve t\u00eb produkteve ushqimore baz\u00eb, dat\u00eb 27.06.2022 Bordi i Transparenc\u00ebs dhe Monitorimit t\u00eb \u00c7mimeve t\u00eb Tregtimit me Shumic\u00eb\/Pakic\u00eb t\u00eb produkteve ushqimore baz\u00eb dhe produkteve t\u00eb tjera t\u00eb lidhura me to n\u00eb zbatim t\u00eb aktit normativ nr. 7, dat\u00eb 18.03.2022 \u201cP\u00ebr transparenc\u00ebn dhe monitorimin e \u00e7mimit p\u00ebr disa [&hellip;]<\/p>\n","protected":false},"author":2020,"featured_media":266665,"comment_status":"closed","ping_status":"closed","sticky":false,"template":"","format":"standard","meta":{"footnotes":""},"categories":[241,5380,231],"tags":[],"class_list":{"0":"post-266664","1":"post","2":"type-post","3":"status-publish","4":"format-standard","5":"has-post-thumbnail","7":"category-aktualitet","8":"category-kryesore","9":"category-lajme"},"_links":{"self":[{"href":"https:\/\/zjarr.tv\/sq\/wp-json\/wp\/v2\/posts\/266664","targetHints":{"allow":["GET"]}}],"collection":[{"href":"https:\/\/zjarr.tv\/sq\/wp-json\/wp\/v2\/posts"}],"about":[{"href":"https:\/\/zjarr.tv\/sq\/wp-json\/wp\/v2\/types\/post"}],"author":[{"embeddable":true,"href":"https:\/\/zjarr.tv\/sq\/wp-json\/wp\/v2\/users\/2020"}],"replies":[{"embeddable":true,"href":"https:\/\/zjarr.tv\/sq\/wp-json\/wp\/v2\/comments?post=266664"}],"version-history":[{"count":0,"href":"https:\/\/zjarr.tv\/sq\/wp-json\/wp\/v2\/posts\/266664\/revisions"}],"wp:featuredmedia":[{"embeddable":true,"href":"https:\/\/zjarr.tv\/sq\/wp-json\/wp\/v2\/media\/266665"}],"wp:attachment":[{"href":"https:\/\/zjarr.tv\/sq\/wp-json\/wp\/v2\/media?parent=266664"}],"wp:term":[{"taxonomy":"category","embeddable":true,"href":"https:\/\/zjarr.tv\/sq\/wp-json\/wp\/v2\/categories?post=266664"},{"taxonomy":"post_tag","embeddable":true,"href":"https:\/\/zjarr.tv\/sq\/wp-json\/wp\/v2\/tags?post=266664"}],"curies":[{"name":"wp","href":"https:\/\/api.w.org\/{rel}","templated":true}]}}