{"id":266667,"date":"2022-06-27T12:19:05","date_gmt":"2022-06-27T10:19:05","guid":{"rendered":"https:\/\/zjarr.tv\/?p=266667"},"modified":"2022-06-27T12:19:05","modified_gmt":"2022-06-27T10:19:05","slug":"sa-here-ma-ke-pire-gjakun-rama-dhuron-gjak-batuta-me-mjeken","status":"publish","type":"post","link":"https:\/\/zjarr.tv\/sq\/sa-here-ma-ke-pire-gjakun-rama-dhuron-gjak-batuta-me-mjeken\/","title":{"rendered":"\u201cSa her\u00eb ma ke pir\u00eb gjakun?\u201d, Rama dhuron gjak, batuta me mjeken"},"content":{"rendered":"<p>Kryeministri Edi Rama i \u00ebsht\u00eb bashkuar nism\u00ebs p\u00ebr dhurimin e gjakut.<\/p>\n<p>S\u00eb bashku me punonj\u00ebsit e kryeministris\u00eb, Rama ka dhuruar gjak, duke p\u00ebrmendur edhe t\u00eb gjitha rastet kur ai i \u00ebsht\u00eb bashkuar k\u00ebsaj nisme, sipas tij q\u00eb prej koh\u00ebs kur ka qen\u00eb kryebashkiak.<\/p>\n<p>\u201cMe punonj\u00ebsit e Kryeministris\u00eb, si \u00e7do vit p\u00ebr nism\u00ebn e dhurimit t\u00eb gjakut.<\/p>\n<p>Miq, Le ta forcojm\u00eb zinxhirin e solidaritetit p\u00ebr dhurimin vullnetar t\u00eb gjakut. Nj\u00eb kontribut jetik p\u00ebr f\u00ebmij\u00ebt talasemik\u00eb dhe t\u00eb gjith\u00eb ata pacient\u00eb jeta e t\u00eb cil\u00ebve n\u00eb shum\u00eb raste varet nga vullneti yn\u00eb, po edhe di\u00e7ka shum\u00eb e sh\u00ebndetshme p\u00ebr trupin ton\u00eb\u201d, shkruan Rama.<\/p>\n<p>Gjat\u00eb bised\u00ebs me mjeket e pranishme, Rama u shpreh se dhurimi i gjakut nuk sjell asnj\u00eb problem sh\u00ebndet\u00ebsor, nd\u00ebrkoh\u00eb q\u00eb p\u00ebrfitimi p\u00ebr personat n\u00eb nevoj\u00eb \u00ebsht\u00eb shum\u00eb i lart\u00eb.<\/p>\n<p>Rama tha se \u00ebsht\u00eb e nevojshme q\u00eb dhurimi i gjakut t\u00eb b\u00ebhet nga t\u00eb gjith\u00eb qytetar\u00ebt e sh\u00ebndetsh\u00ebm.<\/p>\n<p>\u201cSa her\u00eb ma ke pir\u00eb gjakun?\u201d, pyeti Rama me humor mjeken, e cila i kujtoi nisjen e fushat\u00ebs q\u00eb prej koh\u00ebs kur ai u zgjodh p\u00ebr her\u00eb t\u00eb par\u00eb n\u00eb krye t\u00eb Bashkis\u00eb s\u00eb Tiran\u00ebs.<\/p>\n","protected":false},"excerpt":{"rendered":"<p>Kryeministri Edi Rama i \u00ebsht\u00eb bashkuar nism\u00ebs p\u00ebr dhurimin e gjakut. S\u00eb bashku me punonj\u00ebsit e kryeministris\u00eb, Rama ka dhuruar gjak, duke p\u00ebrmendur edhe t\u00eb gjitha rastet kur ai i \u00ebsht\u00eb bashkuar k\u00ebsaj nisme, sipas tij q\u00eb prej koh\u00ebs kur ka qen\u00eb kryebashkiak. \u201cMe punonj\u00ebsit e Kryeministris\u00eb, si \u00e7do vit p\u00ebr nism\u00ebn e dhurimit t\u00eb [&hellip;]<\/p>\n","protected":false},"author":2020,"featured_media":266669,"comment_status":"closed","ping_status":"closed","sticky":false,"template":"","format":"standard","meta":{"footnotes":""},"categories":[241,5380,231],"tags":[],"class_list":{"0":"post-266667","1":"post","2":"type-post","3":"status-publish","4":"format-standard","5":"has-post-thumbnail","7":"category-aktualitet","8":"category-kryesore","9":"category-lajme"},"_links":{"self":[{"href":"https:\/\/zjarr.tv\/sq\/wp-json\/wp\/v2\/posts\/266667","targetHints":{"allow":["GET"]}}],"collection":[{"href":"https:\/\/zjarr.tv\/sq\/wp-json\/wp\/v2\/posts"}],"about":[{"href":"https:\/\/zjarr.tv\/sq\/wp-json\/wp\/v2\/types\/post"}],"author":[{"embeddable":true,"href":"https:\/\/zjarr.tv\/sq\/wp-json\/wp\/v2\/users\/2020"}],"replies":[{"embeddable":true,"href":"https:\/\/zjarr.tv\/sq\/wp-json\/wp\/v2\/comments?post=266667"}],"version-history":[{"count":0,"href":"https:\/\/zjarr.tv\/sq\/wp-json\/wp\/v2\/posts\/266667\/revisions"}],"wp:featuredmedia":[{"embeddable":true,"href":"https:\/\/zjarr.tv\/sq\/wp-json\/wp\/v2\/media\/266669"}],"wp:attachment":[{"href":"https:\/\/zjarr.tv\/sq\/wp-json\/wp\/v2\/media?parent=266667"}],"wp:term":[{"taxonomy":"category","embeddable":true,"href":"https:\/\/zjarr.tv\/sq\/wp-json\/wp\/v2\/categories?post=266667"},{"taxonomy":"post_tag","embeddable":true,"href":"https:\/\/zjarr.tv\/sq\/wp-json\/wp\/v2\/tags?post=266667"}],"curies":[{"name":"wp","href":"https:\/\/api.w.org\/{rel}","templated":true}]}}