{"id":266681,"date":"2022-06-27T13:15:13","date_gmt":"2022-06-27T11:15:13","guid":{"rendered":"https:\/\/zjarr.tv\/?p=266681"},"modified":"2022-06-27T13:15:13","modified_gmt":"2022-06-27T11:15:13","slug":"mbi-50-qytetare-te-helmuar-nga-uji-ne-kukes-reagon-gjici-nuk-ka-probleme-eshte-perzier-me-ate-vadites","status":"publish","type":"post","link":"https:\/\/zjarr.tv\/sq\/mbi-50-qytetare-te-helmuar-nga-uji-ne-kukes-reagon-gjici-nuk-ka-probleme-eshte-perzier-me-ate-vadites\/","title":{"rendered":"Mbi 50 qytetar\u00eb t\u00eb helmuar nga uji n\u00eb Kuk\u00ebs, reagon Gjici: Nuk ka probleme, \u00ebsht\u00eb p\u00ebrzier me at\u00eb vadit\u00ebs"},"content":{"rendered":"<p>P\u00ebr situat\u00ebn alarmante me ujin n\u00eb Kuk\u00ebs ka reaguar dhe drejtori i NjVKSH Hasan Halilaj. Halilaj ka deklaruar p\u00ebr \u201cFax News\u201d se nga analizat q\u00eb i jan\u00eb kryer ujit rezulton se ai \u00ebsht\u00eb i past\u00ebr bakterioligjikisht dhe nuk ka vend p\u00ebr panik.<\/p>\n<p>Ai thekson se p\u00ebr 48 or\u00eb do t\u00eb merret nj\u00eb raport i holl\u00ebsish\u00ebm n\u00ebse uji \u00ebsht\u00eb i pijsh\u00ebm.<\/p>\n<p>\u201cLidhur me shqet\u00ebsimin q\u00eb banor\u00ebt e Kuk\u00ebsit kan\u00eb patur p\u00ebr ujin e pijsh\u00ebm me iden\u00eb q\u00eb \u00ebsht\u00eb i ndotur themi se rezultatet e analizave kan\u00eb treguar se uji \u00ebsht\u00eb i past\u00ebr bakterioligjikisht n\u00eb kushtet dhe parametrat fiziko-kimike dhe t\u00eb klorit brenda normave t\u00eb paracaktuara n\u00eb ligj dhe qytetaret e Kuk\u00ebsit nuk kan\u00eb arsye t\u00eb b\u00ebjn\u00eb panik.<\/p>\n<p>Nd\u00ebrsa sa i perket ujit n\u00eb nj\u00eb pjes\u00eb t\u00eb lagjes Muja n\u00eb Shtiqen situata \u00ebsht\u00eb n\u00ebn kontroll, uji \u00ebsht\u00eb i ndalur nga uj\u00ebsjell\u00ebsi pasi ka patur nd\u00ebrhyrje n\u00eb rrjet dhe nisur nga ky fakt kuptohet q\u00eb edhe uji ka patur probleme.Nes\u00ebr do t\u00eb japim nj\u00eb raport t\u00eb holl\u00ebsish\u00ebm p\u00ebr k\u00ebt\u00eb \u00e7\u00ebshtje, pasi ka nj\u00eb afat 48 or\u00eb q\u00eb t\u00eb futen n\u00eb laborator dhe t\u00eb v\u00ebrtetohet n\u00ebse uji \u00ebsht\u00eb i pijsh\u00ebm\u201d-tha Halilaj.<\/p>\n<p>Edhe kreu i bashkis\u00eb Safet Gjici deklaron se uji i pijsh\u00ebm \u00ebsht\u00eb p\u00ebrzier me at\u00eb vadit\u00ebs pasi nj\u00eb banor ka nd\u00ebrhyr\u00eb, rast me t\u00eb cilin po merret policia. Gjici tha nd\u00ebr t\u00eb tjera se uj\u00ebsjell\u00ebsi i Kuk\u00ebsit \u00ebsht\u00eb n\u00eb krye t\u00eb detyr\u00ebs dhe ka ndalur furnizimin, duke shtuar se deklarata e mjekut Admir Sinamati \u00ebsht\u00eb keqinterpretuar n\u00eb rrjetet sociale dhe se \u00ebsht\u00eb shfryt\u00ebzuar p\u00ebr politik\u00ebn ditore.<\/p>\n","protected":false},"excerpt":{"rendered":"<p>P\u00ebr situat\u00ebn alarmante me ujin n\u00eb Kuk\u00ebs ka reaguar dhe drejtori i NjVKSH Hasan Halilaj. Halilaj ka deklaruar p\u00ebr \u201cFax News\u201d se nga analizat q\u00eb i jan\u00eb kryer ujit rezulton se ai \u00ebsht\u00eb i past\u00ebr bakterioligjikisht dhe nuk ka vend p\u00ebr panik. Ai thekson se p\u00ebr 48 or\u00eb do t\u00eb merret nj\u00eb raport i holl\u00ebsish\u00ebm [&hellip;]<\/p>\n","protected":false},"author":2020,"featured_media":266682,"comment_status":"closed","ping_status":"closed","sticky":false,"template":"","format":"standard","meta":{"footnotes":""},"categories":[241,5380,231],"tags":[],"class_list":{"0":"post-266681","1":"post","2":"type-post","3":"status-publish","4":"format-standard","5":"has-post-thumbnail","7":"category-aktualitet","8":"category-kryesore","9":"category-lajme"},"_links":{"self":[{"href":"https:\/\/zjarr.tv\/sq\/wp-json\/wp\/v2\/posts\/266681","targetHints":{"allow":["GET"]}}],"collection":[{"href":"https:\/\/zjarr.tv\/sq\/wp-json\/wp\/v2\/posts"}],"about":[{"href":"https:\/\/zjarr.tv\/sq\/wp-json\/wp\/v2\/types\/post"}],"author":[{"embeddable":true,"href":"https:\/\/zjarr.tv\/sq\/wp-json\/wp\/v2\/users\/2020"}],"replies":[{"embeddable":true,"href":"https:\/\/zjarr.tv\/sq\/wp-json\/wp\/v2\/comments?post=266681"}],"version-history":[{"count":0,"href":"https:\/\/zjarr.tv\/sq\/wp-json\/wp\/v2\/posts\/266681\/revisions"}],"wp:featuredmedia":[{"embeddable":true,"href":"https:\/\/zjarr.tv\/sq\/wp-json\/wp\/v2\/media\/266682"}],"wp:attachment":[{"href":"https:\/\/zjarr.tv\/sq\/wp-json\/wp\/v2\/media?parent=266681"}],"wp:term":[{"taxonomy":"category","embeddable":true,"href":"https:\/\/zjarr.tv\/sq\/wp-json\/wp\/v2\/categories?post=266681"},{"taxonomy":"post_tag","embeddable":true,"href":"https:\/\/zjarr.tv\/sq\/wp-json\/wp\/v2\/tags?post=266681"}],"curies":[{"name":"wp","href":"https:\/\/api.w.org\/{rel}","templated":true}]}}