{"id":266689,"date":"2022-06-27T13:30:16","date_gmt":"2022-06-27T11:30:16","guid":{"rendered":"https:\/\/zjarr.tv\/?p=266689"},"modified":"2022-06-27T13:30:16","modified_gmt":"2022-06-27T11:30:16","slug":"nuk-ka-qetesi-per-mesuesit-me-nisjen-e-vitit-te-ri-do-te-futen-ne-provime","status":"publish","type":"post","link":"https:\/\/zjarr.tv\/sq\/nuk-ka-qetesi-per-mesuesit-me-nisjen-e-vitit-te-ri-do-te-futen-ne-provime\/","title":{"rendered":"Nuk ka \u2018qet\u00ebsi\u2019 p\u00ebr m\u00ebsuesit, me nisjen e vitit t\u00eb ri do t\u00eb futen n\u00eb provime"},"content":{"rendered":"<p>Vitin e ardhsh\u00ebm shkollor me nisjen e m\u00ebsimit m\u00eb 12 shtator do t\u00eb filloj\u00eb edhe nj\u00eb sfid\u00eb e re p\u00ebr m\u00ebsuesit e rinj: ata do t\u00eb vler\u00ebsohen n\u00ebse jan\u00eb t\u00eb aft\u00eb psikologjikisht p\u00ebr t\u00eb ushtruar detyr\u00ebn.<\/p>\n<p>Pas denoncimeve t\u00eb dhun\u00ebs dhe abuzimeve n\u00eb institucionet arsimore, ministrja e arsimit Evis Kushi paralajm\u00ebroi n\u00eb fund t\u00eb marsit, se p\u00ebr \u00e7do m\u00ebsues t\u00eb sistemit arsimor parauniversitar do t\u00eb niste nj\u00eb vler\u00ebsim psiko-social fillestar dhe periodik.<\/p>\n<p>Por s\u00eb fundmi p\u00ebrmes nj\u00eb udh\u00ebzimi ministrja Kushi diferencon arsimtar\u00ebt t\u00eb pun\u00ebsuar p\u00ebr her\u00eb t\u00eb par\u00eb me ata q\u00eb kan\u00eb eksperienc\u00eb.<\/p>\n<p>Me an\u00eb t\u00eb nj\u00eb komisioni me 5 an\u00ebtar\u00eb, punonj\u00ebsit arsimor t\u00eb sapoem\u00ebruar nga portal \u2018M\u00ebsues p\u00ebr Shqip\u00ebrin\u00eb\u2019, 3 muaj pasi kan\u00eb filluar pun\u00ebn do t\u00eb testohen psikologjikisht e n\u00ebse vler\u00ebsimi do t\u00eb jet\u00eb pozitiv ata do t\u00eb vazhdojn\u00eb m\u00ebsimdh\u00ebnien, n\u00eb t\u00eb kund\u00ebrt do t\u00eb merren masa nd\u00ebshkuese deri n\u00eb largim nga detyra.<\/p>\n<p>P\u00ebr punonj\u00ebsit e tjer\u00eb n\u00eb shkolla vler\u00ebsimi psikologjik do t\u00eb kryhet vet\u00ebm p\u00ebr raste t\u00eb ve\u00e7anta kur ka ankesa.<\/p>\n<p>T\u00eb gjith\u00eb m\u00ebsuesit kan\u00eb t\u00eb drejt\u00eb t\u00eb ankimojn\u00eb vler\u00ebsimin brenda 3 dit\u00ebve pran\u00eb zyrave vendore arsimore dhe pas shqyrtimit t\u00eb ankimimit brenda 5 dit\u00ebve shpallet vler\u00ebsimi p\u00ebrfundimtar.<\/p>\n","protected":false},"excerpt":{"rendered":"<p>Vitin e ardhsh\u00ebm shkollor me nisjen e m\u00ebsimit m\u00eb 12 shtator do t\u00eb filloj\u00eb edhe nj\u00eb sfid\u00eb e re p\u00ebr m\u00ebsuesit e rinj: ata do t\u00eb vler\u00ebsohen n\u00ebse jan\u00eb t\u00eb aft\u00eb psikologjikisht p\u00ebr t\u00eb ushtruar detyr\u00ebn. Pas denoncimeve t\u00eb dhun\u00ebs dhe abuzimeve n\u00eb institucionet arsimore, ministrja e arsimit Evis Kushi paralajm\u00ebroi n\u00eb fund t\u00eb marsit, [&hellip;]<\/p>\n","protected":false},"author":2020,"featured_media":266690,"comment_status":"closed","ping_status":"closed","sticky":false,"template":"","format":"standard","meta":{"footnotes":""},"categories":[241,5380,231],"tags":[],"class_list":{"0":"post-266689","1":"post","2":"type-post","3":"status-publish","4":"format-standard","5":"has-post-thumbnail","7":"category-aktualitet","8":"category-kryesore","9":"category-lajme"},"_links":{"self":[{"href":"https:\/\/zjarr.tv\/sq\/wp-json\/wp\/v2\/posts\/266689","targetHints":{"allow":["GET"]}}],"collection":[{"href":"https:\/\/zjarr.tv\/sq\/wp-json\/wp\/v2\/posts"}],"about":[{"href":"https:\/\/zjarr.tv\/sq\/wp-json\/wp\/v2\/types\/post"}],"author":[{"embeddable":true,"href":"https:\/\/zjarr.tv\/sq\/wp-json\/wp\/v2\/users\/2020"}],"replies":[{"embeddable":true,"href":"https:\/\/zjarr.tv\/sq\/wp-json\/wp\/v2\/comments?post=266689"}],"version-history":[{"count":0,"href":"https:\/\/zjarr.tv\/sq\/wp-json\/wp\/v2\/posts\/266689\/revisions"}],"wp:featuredmedia":[{"embeddable":true,"href":"https:\/\/zjarr.tv\/sq\/wp-json\/wp\/v2\/media\/266690"}],"wp:attachment":[{"href":"https:\/\/zjarr.tv\/sq\/wp-json\/wp\/v2\/media?parent=266689"}],"wp:term":[{"taxonomy":"category","embeddable":true,"href":"https:\/\/zjarr.tv\/sq\/wp-json\/wp\/v2\/categories?post=266689"},{"taxonomy":"post_tag","embeddable":true,"href":"https:\/\/zjarr.tv\/sq\/wp-json\/wp\/v2\/tags?post=266689"}],"curies":[{"name":"wp","href":"https:\/\/api.w.org\/{rel}","templated":true}]}}