{"id":266708,"date":"2022-06-27T14:49:19","date_gmt":"2022-06-27T12:49:19","guid":{"rendered":"https:\/\/zjarr.tv\/?p=266708"},"modified":"2022-06-27T14:49:19","modified_gmt":"2022-06-27T12:49:19","slug":"deklarata-e-pd-mucollari-mbeshtesim-maturantet-ne-protestat-e-tyre-qeveria-e-paafte","status":"publish","type":"post","link":"https:\/\/zjarr.tv\/sq\/deklarata-e-pd-mucollari-mbeshtesim-maturantet-ne-protestat-e-tyre-qeveria-e-paafte\/","title":{"rendered":"Deklarata e PD, Mu\u00e7ollari: Mb\u00ebshtesim maturant\u00ebt n\u00eb protestat e tyre, qeveria e paaft\u00eb"},"content":{"rendered":"<p>Partia Demokratike mb\u00ebshtet t\u00eb drejt\u00ebn e maturant\u00ebve p\u00ebr protest\u00eb. An\u00ebtari i kryesis\u00eb s\u00eb PD-s\u00eb, Grigels Mu\u00e7ollari, n\u00eb nj\u00eb deklarat\u00eb p\u00ebr mediat nga selia blu, u shpreh se qeveria ka krijuar kolaps me maturant\u00ebt.<\/p>\n<p>Ai kujtoi se maturant\u00ebt vijn\u00eb nga dy vite pandemi, nd\u00ebrsa u shpreh se testi i matur\u00ebs \u00ebsht\u00eb nj\u00eb tregues i paaft\u00ebsis\u00eb s\u00eb qeveris\u00eb.<\/p>\n<p>Deklarata e plot\u00eb:<\/p>\n<p>Testi i Matur\u00ebs \u00ebsht\u00eb nj\u00eb tjet\u00ebr tregues i paaft\u00ebsis\u00eb s\u00eb qeveris\u00eb. Indinjata e tyre, \u00ebsht\u00eb shenj\u00eb se t\u00eb rinjt\u00eb\u00a0 jan\u00eb gati t\u2019i thon\u00eb mjaft k\u00ebsaj paaft\u00ebsie q\u00eb u b\u00ebhet barr\u00eb.<\/p>\n<p>Deputet\u00ebt e Partis\u00eb Demokratike n\u00eb nj\u00eb interpelanc\u00eb me ministren e Arsimit, prej muajsh kan\u00eb k\u00ebrkuar teste pilot p\u00ebr t\u00eb parandaluar at\u00eb q\u00eb po ndodh sot.<\/p>\n<p>N\u00eb ngut e sip\u00ebr, duke shp\u00ebrfillur thelbin dhe lart\u00ebsuar propagand\u00ebn, Qeveria ka harruar se kjo matur\u00eb del nga 2 vite pandemi.<\/p>\n<p>Nj\u00eb administrat\u00eb q\u00eb e b\u00ebn pun\u00ebn dhe e ka nx\u00ebn\u00ebsin n\u00eb qend\u00ebr t\u00eb programeve dhe shqet\u00ebsimeve, duhet ta kishte marr\u00eb parasysh k\u00ebt\u00eb.<\/p>\n<p>Kjo pandjeshm\u00ebri ka \u00e7uar n\u00eb k\u00ebt\u00eb kolaps.<\/p>\n<p>Partia Demokratike mb\u00ebshtet t\u00eb drejt\u00ebn e maturant\u00ebve p\u00ebr protest\u00eb, dhe u k\u00ebrkon t\u2019a mbajn\u00eb z\u00ebrin lart, me forc\u00ebn dhe idealizmin e mosh\u00ebs.<\/p>\n<p>I b\u00ebjm\u00eb thirrje qeveris\u00eb t\u00eb punoj\u00eb p\u00ebr zgjidhjet, jo t\u00eb fshihet e t\u00eb justifikohet.<\/p>\n<p>Nuk do t\u00eb lejojm\u00eb q\u00eb, edhe nj\u00eb brez tjet\u00ebr i zhg\u00ebnjyer, t\u2019i bashkohet Armat\u00ebs s\u00eb Shpopullimit t\u00eb Shqip\u00ebris\u00eb, q\u00eb \u00ebsht\u00eb shtuar n\u00eb m\u00ebnyr\u00eb dramatike gjat\u00eb qeverisjes s\u00eb Rama dhe Company.<\/p>\n<p>Shqip\u00ebria \u00ebsht\u00eb n\u00eb Rrezik.<\/p>\n<p>U b\u00ebjm\u00eb thirrje maturant\u00ebve, student\u00ebve, dhe t\u00eb gjith\u00eb t\u00eb rinjve, q\u00eb t\u2019i bashkohen protest\u00ebs s\u00eb Frontit t\u00eb Shp\u00ebtimit Komb\u00ebtar m\u00eb 7 korrik.<\/p>\n","protected":false},"excerpt":{"rendered":"<p>Partia Demokratike mb\u00ebshtet t\u00eb drejt\u00ebn e maturant\u00ebve p\u00ebr protest\u00eb. An\u00ebtari i kryesis\u00eb s\u00eb PD-s\u00eb, Grigels Mu\u00e7ollari, n\u00eb nj\u00eb deklarat\u00eb p\u00ebr mediat nga selia blu, u shpreh se qeveria ka krijuar kolaps me maturant\u00ebt. Ai kujtoi se maturant\u00ebt vijn\u00eb nga dy vite pandemi, nd\u00ebrsa u shpreh se testi i matur\u00ebs \u00ebsht\u00eb nj\u00eb tregues i paaft\u00ebsis\u00eb s\u00eb [&hellip;]<\/p>\n","protected":false},"author":2020,"featured_media":266709,"comment_status":"closed","ping_status":"closed","sticky":false,"template":"","format":"standard","meta":{"footnotes":""},"categories":[241,5380,231],"tags":[],"class_list":{"0":"post-266708","1":"post","2":"type-post","3":"status-publish","4":"format-standard","5":"has-post-thumbnail","7":"category-aktualitet","8":"category-kryesore","9":"category-lajme"},"_links":{"self":[{"href":"https:\/\/zjarr.tv\/sq\/wp-json\/wp\/v2\/posts\/266708","targetHints":{"allow":["GET"]}}],"collection":[{"href":"https:\/\/zjarr.tv\/sq\/wp-json\/wp\/v2\/posts"}],"about":[{"href":"https:\/\/zjarr.tv\/sq\/wp-json\/wp\/v2\/types\/post"}],"author":[{"embeddable":true,"href":"https:\/\/zjarr.tv\/sq\/wp-json\/wp\/v2\/users\/2020"}],"replies":[{"embeddable":true,"href":"https:\/\/zjarr.tv\/sq\/wp-json\/wp\/v2\/comments?post=266708"}],"version-history":[{"count":0,"href":"https:\/\/zjarr.tv\/sq\/wp-json\/wp\/v2\/posts\/266708\/revisions"}],"wp:featuredmedia":[{"embeddable":true,"href":"https:\/\/zjarr.tv\/sq\/wp-json\/wp\/v2\/media\/266709"}],"wp:attachment":[{"href":"https:\/\/zjarr.tv\/sq\/wp-json\/wp\/v2\/media?parent=266708"}],"wp:term":[{"taxonomy":"category","embeddable":true,"href":"https:\/\/zjarr.tv\/sq\/wp-json\/wp\/v2\/categories?post=266708"},{"taxonomy":"post_tag","embeddable":true,"href":"https:\/\/zjarr.tv\/sq\/wp-json\/wp\/v2\/tags?post=266708"}],"curies":[{"name":"wp","href":"https:\/\/api.w.org\/{rel}","templated":true}]}}