{"id":266723,"date":"2022-06-27T16:15:21","date_gmt":"2022-06-27T14:15:21","guid":{"rendered":"https:\/\/zjarr.tv\/?p=266723"},"modified":"2022-06-27T16:15:21","modified_gmt":"2022-06-27T14:15:21","slug":"vasili-zbulon-problemet-e-aktit-normativ-per-kompensimit-e-firmave-qe-kryejne-pune-publike","status":"publish","type":"post","link":"https:\/\/zjarr.tv\/sq\/vasili-zbulon-problemet-e-aktit-normativ-per-kompensimit-e-firmave-qe-kryejne-pune-publike\/","title":{"rendered":"Vasili zbulon problemet e aktit normativ p\u00ebr kompensimit e firmave q\u00eb kryejn\u00eb pun\u00eb publike"},"content":{"rendered":"<p>N\u00ebnkryetari i LSI-s\u00eb, Petrit Vasili ka ngritur shqet\u00ebsimin p\u00ebr disa problematika dhe boshll\u00ebqe q\u00eb ka sipas tij akti normativ i paraqitur nga qeveria p\u00ebr rimbursimin e \u00e7mimeve t\u00eb kompanive private p\u00ebr pun\u00ebt publike, p\u00ebr shkak t\u00eb ndryshimit t\u00eb \u00e7mimeve.<\/p>\n<p>Nj\u00eb nga problemet e m\u00ebdha tha Vasili \u00ebsht\u00eb fakti q\u00eb ky akt nuk ka nj\u00eb relacion q\u00eb tregon fatur\u00ebn financiare t\u00eb k\u00ebtij kompensimi. E pabesueshme q\u00eb k\u00ebt\u00eb akt q\u00eb konsiderohet fakt i kryer kur kjo fatur\u00eb financiare nuk ekziston, \u00ebsht\u00eb k\u00ebrkes\u00eb bazike p\u00ebr cdo akt q\u00eb kalon n\u00eb parlament.<\/p>\n<p>Ne me qet\u00ebsin\u00eb m\u00eb t\u00eb madhe shkojm\u00eb p\u00ebrpara. K\u00ebrkohet verifikim financiar nga qeveria, k\u00ebtu sikur s\u2019ka ndodhur asgj\u00eb kjo fatur\u00eb nuk \u00ebsht\u00eb dhe sikur t\u00eb thuhet me goj\u00eb un\u00eb nuk e njoh se duhet t\u00eb shoq\u00ebronte relacionin shoq\u00ebrues\u2019.<\/p>\n<p>Nd\u00ebr t\u00eb tjera, Vasili k\u00ebrkoi transparenc\u00eb p\u00ebr artikujt p\u00ebr t\u00eb cilat do kompensohen firmat private, pasi ccmimet nuk kan\u00eb ndryshuar nj\u00ebsoj p\u00ebr t\u00eb gjitha. Teksa akuzoi qeverin\u00eb se p\u00ebr bizneset e tjera q\u00eb kan\u00eb dhe pesh\u00ebn kryesore t\u00eb pun\u00ebsimit, \u2018nuk ka paketa kaq bujare\u2019, nd\u00ebrsa p\u00ebr qytetar\u00ebt nuk hiqet asnj\u00eb taks\u00eb p\u00ebr karburantete apo nuk ka kompensime p\u00ebr cmimet e rritura t\u00eb ushqimeve baz\u00eb.<\/p>\n<p>\u2018K\u00ebtu flitet p\u00ebr artikuj t\u00eb specifikuar. Pse nuk listohen artikujt e t\u00eb thuhet qart\u00eb? Artikulli filan, masa e kompensimit kaq, n\u00eb m\u00ebnyr\u00eb transparente se jo t\u00eb gjith\u00eb cmimet kan\u00eb l\u00ebvizur nj\u00eblloj. E treta, un\u00eb e di q\u00eb ka efekt pozitiv p\u00ebr pun\u00ebsimin, s\u2019mund t\u00eb flasim k\u00ebtu p\u00ebr pun\u00ebsimin e gjith\u00eb shqiptar\u00ebve, ne do themi sa krah\u00eb pune afekton ky vendim akt normativ lidhur me k\u00ebto biznese?<\/p>\n<p>Ka dhe kontrata q\u00eb nuk kan\u00eb b\u00ebr\u00eb asnj\u00eb pun\u00eb deri tani, pyetja \u00ebsht\u00eb n\u00ebse qeveria e k\u00ebta jan\u00eb nj\u00eb kjo vjen er\u00eb, pse t\u00eb mos ken\u00eb vazhduar pun\u00ebn?<\/p>\n<p>E fundit paketa t\u00eb tjera kaq bujare nuk ka p\u00ebr bizneset e tjera. Tek individi nuk vemi se kur vjen puna aty nuk preket asnj\u00eb taks\u00eb sa i takon cmimeve t\u00eb naft\u00ebs dhe produkteve t\u00eb shport\u00ebs. Si ka mund\u00ebsi t\u00eb kemi kaq bujari, mir\u00eb q\u00eb kujdesemi p\u00ebr biznesin, por pjes\u00ebn tjet\u00ebr t\u00eb biznesit q\u00eb mban pesh\u00ebn kryesore t\u00eb pun\u00ebsimit? Ky \u00ebsht\u00eb problemi si p\u00ebrdorim financat publike q\u00eb ekuilibrat shoq\u00ebrore t\u00eb ruhen\u2019, tha Vasili.<\/p>\n","protected":false},"excerpt":{"rendered":"<p>N\u00ebnkryetari i LSI-s\u00eb, Petrit Vasili ka ngritur shqet\u00ebsimin p\u00ebr disa problematika dhe boshll\u00ebqe q\u00eb ka sipas tij akti normativ i paraqitur nga qeveria p\u00ebr rimbursimin e \u00e7mimeve t\u00eb kompanive private p\u00ebr pun\u00ebt publike, p\u00ebr shkak t\u00eb ndryshimit t\u00eb \u00e7mimeve. Nj\u00eb nga problemet e m\u00ebdha tha Vasili \u00ebsht\u00eb fakti q\u00eb ky akt nuk ka nj\u00eb relacion [&hellip;]<\/p>\n","protected":false},"author":2020,"featured_media":266724,"comment_status":"closed","ping_status":"closed","sticky":false,"template":"","format":"standard","meta":{"footnotes":""},"categories":[241,5380,231],"tags":[],"class_list":{"0":"post-266723","1":"post","2":"type-post","3":"status-publish","4":"format-standard","5":"has-post-thumbnail","7":"category-aktualitet","8":"category-kryesore","9":"category-lajme"},"_links":{"self":[{"href":"https:\/\/zjarr.tv\/sq\/wp-json\/wp\/v2\/posts\/266723","targetHints":{"allow":["GET"]}}],"collection":[{"href":"https:\/\/zjarr.tv\/sq\/wp-json\/wp\/v2\/posts"}],"about":[{"href":"https:\/\/zjarr.tv\/sq\/wp-json\/wp\/v2\/types\/post"}],"author":[{"embeddable":true,"href":"https:\/\/zjarr.tv\/sq\/wp-json\/wp\/v2\/users\/2020"}],"replies":[{"embeddable":true,"href":"https:\/\/zjarr.tv\/sq\/wp-json\/wp\/v2\/comments?post=266723"}],"version-history":[{"count":0,"href":"https:\/\/zjarr.tv\/sq\/wp-json\/wp\/v2\/posts\/266723\/revisions"}],"wp:featuredmedia":[{"embeddable":true,"href":"https:\/\/zjarr.tv\/sq\/wp-json\/wp\/v2\/media\/266724"}],"wp:attachment":[{"href":"https:\/\/zjarr.tv\/sq\/wp-json\/wp\/v2\/media?parent=266723"}],"wp:term":[{"taxonomy":"category","embeddable":true,"href":"https:\/\/zjarr.tv\/sq\/wp-json\/wp\/v2\/categories?post=266723"},{"taxonomy":"post_tag","embeddable":true,"href":"https:\/\/zjarr.tv\/sq\/wp-json\/wp\/v2\/tags?post=266723"}],"curies":[{"name":"wp","href":"https:\/\/api.w.org\/{rel}","templated":true}]}}