{"id":266741,"date":"2022-06-28T10:08:04","date_gmt":"2022-06-28T08:08:04","guid":{"rendered":"https:\/\/zjarr.tv\/?p=266741"},"modified":"2022-06-28T10:08:04","modified_gmt":"2022-06-28T08:08:04","slug":"balla-vizite-zyrtare-ne-rumani-rumania-e-konsideron-thelbesore-per-rajonin-pershpejtimin-e-procesit-te-anetaresimit-ne-be","status":"publish","type":"post","link":"https:\/\/zjarr.tv\/sq\/balla-vizite-zyrtare-ne-rumani-rumania-e-konsideron-thelbesore-per-rajonin-pershpejtimin-e-procesit-te-anetaresimit-ne-be\/","title":{"rendered":"Balla vizit\u00eb zyrtare n\u00eb Rumani: Rumania e konsideron thelb\u00ebsore p\u00ebr rajonin p\u00ebrshpejtimin e procesit t\u00eb an\u00ebtar\u00ebsimit n\u00eb BE"},"content":{"rendered":"<p>Kryetar i Grupit Parlamentar i PS, Taulant Balla ndodhet n\u00eb Rumani.<\/p>\n<p>Balla n\u00eb Bukuresht ka zhvilluar nj\u00eb takim me kryetarin e Dhom\u00ebs s\u00eb Deputet\u00ebve Marcel Ciolacu dhe Presidentin e Senatit Florin C\u00ee\u021bu.<\/p>\n<p>Balla shkuan se Rumania si vend an\u00ebtar i BE, dhe Shqip\u00ebria, si vend kandidat n\u00eb BE, konsiderojn\u00eb si thelb\u00ebsore p\u00ebr rajonin p\u00ebrshpejtimin e procesit t\u00eb an\u00ebtar\u00ebsimit n\u00eb Bashkimin Europian t\u00eb t\u00eb gjitha vendeve t\u00eb Ballkanit Per\u00ebndimor.<\/p>\n<p>\u201cBukuresht Parlamenti i Rumanis\u00eb .Takim me Kryetarin e Dhom\u00ebs s\u00eb Deputet\u00ebve Marcel Ciolacu dhe Presidentin e Senatit Florin C\u00ee\u021bu. M\u00eb pas edhe p\u00ebrsh\u00ebndetja n\u00eb Sall\u00ebn Plenare t\u00eb Senatit t\u00eb Rumanis\u00eb. Rumania, si vend an\u00ebtar i BE, dhe Shqip\u00ebria, si vend kandidat n\u00eb BE, konsiderojn\u00eb si thelb\u00ebsore p\u00ebr rajonin p\u00ebrshpejtimin e procesit t\u00eb an\u00ebtar\u00ebsimit n\u00eb Bashkimin Europian t\u00eb t\u00eb gjitha vendeve t\u00eb Ballkanit Per\u00ebndimor\u201d shkruan Balla n\u00eb postimin e tij.<\/p>\n","protected":false},"excerpt":{"rendered":"<p>Kryetar i Grupit Parlamentar i PS, Taulant Balla ndodhet n\u00eb Rumani. Balla n\u00eb Bukuresht ka zhvilluar nj\u00eb takim me kryetarin e Dhom\u00ebs s\u00eb Deputet\u00ebve Marcel Ciolacu dhe Presidentin e Senatit Florin C\u00ee\u021bu. Balla shkuan se Rumania si vend an\u00ebtar i BE, dhe Shqip\u00ebria, si vend kandidat n\u00eb BE, konsiderojn\u00eb si thelb\u00ebsore p\u00ebr rajonin p\u00ebrshpejtimin e [&hellip;]<\/p>\n","protected":false},"author":2031,"featured_media":266742,"comment_status":"closed","ping_status":"closed","sticky":false,"template":"","format":"standard","meta":{"footnotes":""},"categories":[241,231,235],"tags":[],"class_list":{"0":"post-266741","1":"post","2":"type-post","3":"status-publish","4":"format-standard","5":"has-post-thumbnail","7":"category-aktualitet","8":"category-lajme","9":"category-vendi"},"_links":{"self":[{"href":"https:\/\/zjarr.tv\/sq\/wp-json\/wp\/v2\/posts\/266741","targetHints":{"allow":["GET"]}}],"collection":[{"href":"https:\/\/zjarr.tv\/sq\/wp-json\/wp\/v2\/posts"}],"about":[{"href":"https:\/\/zjarr.tv\/sq\/wp-json\/wp\/v2\/types\/post"}],"author":[{"embeddable":true,"href":"https:\/\/zjarr.tv\/sq\/wp-json\/wp\/v2\/users\/2031"}],"replies":[{"embeddable":true,"href":"https:\/\/zjarr.tv\/sq\/wp-json\/wp\/v2\/comments?post=266741"}],"version-history":[{"count":0,"href":"https:\/\/zjarr.tv\/sq\/wp-json\/wp\/v2\/posts\/266741\/revisions"}],"wp:featuredmedia":[{"embeddable":true,"href":"https:\/\/zjarr.tv\/sq\/wp-json\/wp\/v2\/media\/266742"}],"wp:attachment":[{"href":"https:\/\/zjarr.tv\/sq\/wp-json\/wp\/v2\/media?parent=266741"}],"wp:term":[{"taxonomy":"category","embeddable":true,"href":"https:\/\/zjarr.tv\/sq\/wp-json\/wp\/v2\/categories?post=266741"},{"taxonomy":"post_tag","embeddable":true,"href":"https:\/\/zjarr.tv\/sq\/wp-json\/wp\/v2\/tags?post=266741"}],"curies":[{"name":"wp","href":"https:\/\/api.w.org\/{rel}","templated":true}]}}