{"id":266747,"date":"2022-06-28T10:12:04","date_gmt":"2022-06-28T08:12:04","guid":{"rendered":"https:\/\/zjarr.tv\/?p=266747"},"modified":"2022-06-28T10:12:04","modified_gmt":"2022-06-28T08:12:04","slug":"arjan-konomi-peson-aksident-futet-me-urgjence-ne-operacion-rrezikon-te-humbase-krahun","status":"publish","type":"post","link":"https:\/\/zjarr.tv\/sq\/arjan-konomi-peson-aksident-futet-me-urgjence-ne-operacion-rrezikon-te-humbase-krahun\/","title":{"rendered":"Arjan Konomi p\u00ebson aksident, futet me urgjenc\u00eb n\u00eb operacion, rrezikon t\u00eb humbas\u00eb krahun"},"content":{"rendered":"<p>Gazetari Arjan Konomi, ka p\u00ebsuar nj\u00eb aksident teksa po q\u00ebndron n\u00eb Jordani.  Si pasoj\u00eb, ai iu n\u00ebnshtrua nj\u00eb operacioni emergjent.<\/p>\n<p>Lajmin e ka b\u00ebr\u00eb me dije vet\u00eb gazetari p\u00ebr mjes nj\u00eb videoje n\u00eb rrjetet sociale.  <\/p>\n<p> \u201cTungjatjeta miq. Si\u00e7 po m\u00eb shikoni k\u00ebtu n\u00eb kushte jo t\u00eb mira dua t\u00eb ndaj me ju nj\u00eb fatkeq\u00ebsi m\u00eb ndodhi. Ndodhem n\u00eb spitalin e Amman-it. Dje kam b\u00ebr\u00eb nj\u00eb nd\u00ebrhyrje kirurgjikale t\u00eb krahut tim t\u00eb cilin desh e humba por p\u00ebr fat t\u00eb mir\u00eb ka shpres\u00eb akoma q\u00eb ta kem.<\/p>\n<p>Nuk di \u00e7ka t\u2019iu them tjet\u00ebr. N\u00ebse ju kam munguar n\u00eb Instagram \u00ebsht\u00eb p\u00ebr k\u00ebto arsye\u201d, thot\u00eb ai.<\/p>\n","protected":false},"excerpt":{"rendered":"<p>Gazetari Arjan Konomi, ka p\u00ebsuar nj\u00eb aksident teksa po q\u00ebndron n\u00eb Jordani. Si pasoj\u00eb, ai iu n\u00ebnshtrua nj\u00eb operacioni emergjent. Lajmin e ka b\u00ebr\u00eb me dije vet\u00eb gazetari p\u00ebr mjes nj\u00eb videoje n\u00eb rrjetet sociale. \u201cTungjatjeta miq. Si\u00e7 po m\u00eb shikoni k\u00ebtu n\u00eb kushte jo t\u00eb mira dua t\u00eb ndaj me ju nj\u00eb fatkeq\u00ebsi m\u00eb [&hellip;]<\/p>\n","protected":false},"author":2031,"featured_media":266748,"comment_status":"closed","ping_status":"closed","sticky":false,"template":"","format":"standard","meta":{"footnotes":""},"categories":[241,231,235],"tags":[],"class_list":{"0":"post-266747","1":"post","2":"type-post","3":"status-publish","4":"format-standard","5":"has-post-thumbnail","7":"category-aktualitet","8":"category-lajme","9":"category-vendi"},"_links":{"self":[{"href":"https:\/\/zjarr.tv\/sq\/wp-json\/wp\/v2\/posts\/266747","targetHints":{"allow":["GET"]}}],"collection":[{"href":"https:\/\/zjarr.tv\/sq\/wp-json\/wp\/v2\/posts"}],"about":[{"href":"https:\/\/zjarr.tv\/sq\/wp-json\/wp\/v2\/types\/post"}],"author":[{"embeddable":true,"href":"https:\/\/zjarr.tv\/sq\/wp-json\/wp\/v2\/users\/2031"}],"replies":[{"embeddable":true,"href":"https:\/\/zjarr.tv\/sq\/wp-json\/wp\/v2\/comments?post=266747"}],"version-history":[{"count":0,"href":"https:\/\/zjarr.tv\/sq\/wp-json\/wp\/v2\/posts\/266747\/revisions"}],"wp:featuredmedia":[{"embeddable":true,"href":"https:\/\/zjarr.tv\/sq\/wp-json\/wp\/v2\/media\/266748"}],"wp:attachment":[{"href":"https:\/\/zjarr.tv\/sq\/wp-json\/wp\/v2\/media?parent=266747"}],"wp:term":[{"taxonomy":"category","embeddable":true,"href":"https:\/\/zjarr.tv\/sq\/wp-json\/wp\/v2\/categories?post=266747"},{"taxonomy":"post_tag","embeddable":true,"href":"https:\/\/zjarr.tv\/sq\/wp-json\/wp\/v2\/tags?post=266747"}],"curies":[{"name":"wp","href":"https:\/\/api.w.org\/{rel}","templated":true}]}}