{"id":266752,"date":"2022-06-28T10:15:48","date_gmt":"2022-06-28T08:15:48","guid":{"rendered":"https:\/\/zjarr.tv\/?p=266752"},"modified":"2022-06-28T10:15:48","modified_gmt":"2022-06-28T08:15:48","slug":"rikthim-ne-pd-bregu-zbulon-kerkesen-e-berishes-nuk-do-pranoja-asnje-propozim-nga-ps-nuk-me-shkon","status":"publish","type":"post","link":"https:\/\/zjarr.tv\/sq\/rikthim-ne-pd-bregu-zbulon-kerkesen-e-berishes-nuk-do-pranoja-asnje-propozim-nga-ps-nuk-me-shkon\/","title":{"rendered":"Rikthim n\u00eb PD? Bregu zbulon k\u00ebrkes\u00ebn e Berish\u00ebs: Nuk do pranoja asnj\u00eb propozim nga PS, nuk m\u00eb shkon"},"content":{"rendered":"<p>Majlina Bregu ka reaguar p\u00ebr her\u00eb t\u00eb par\u00eb pasi emri i saj u propozua p\u00ebr t\u00eb qen\u00eb president e vendit. Bregu \u00ebsht\u00eb shprehur se nuk do t\u00eb pranonte asnj\u00eb propozim q\u00eb vinte nga Partia Socialiste dhe nuk e ka menduar asnj\u00ebher\u00eb at\u00eb post.<\/p>\n<p>Sa i p\u00ebrket rikthimit t\u00eb saj n\u00eb PD, ajo ka treguar se ka marr\u00eb nj\u00eb ftes\u00eb nga ish-kryministri Sali Berisha, mir\u00ebpo tani \u00ebsht\u00eb n\u00eb nj\u00eb tjet\u00ebr pozicion, megjithat\u00eb nuk i ka mbyllur p\u00ebrfundimisht dyert p\u00ebr n\u00eb Partis\u00eb Demokratike.<\/p>\n<p> \u201cTi je d\u00ebshmitar sa kam qeshur un\u00eb me k\u00ebt\u00eb kur e kam d\u00ebgjar. Mua nuk m\u00eb shkonte n\u00eb asnj\u00eb moment t\u00eb isha president, apo ccfar\u00eb posti si propozim nga PS. Nuk m\u00eb shkonte. Falenderoj t\u00eb jgith\u00eb ata koleg\u00eb socialsit\u00eb q\u00eb propozuan emrin tim.<\/p>\n<p>Po z. Berisha ka b\u00ebr\u00eb nj\u00eb ftes\u00eb publike. Jo me let\u00ebr. Un\u00eb nuk kam dyshim fare q\u00eb z. Berisha do t\u00eb thoshte se jan\u00eb t\u00eb mir\u00ebpritur t\u00eb gjith\u00eb ata q\u00eb u larguan ose q\u00eb i larguan. Nuk kam ndonj\u00eb dyshim n\u00eb pjes\u00ebn e sinqeritetit se n\u00eb k\u00ebt\u00eb moment duhen t\u00eb gjith\u00eb. Por un\u00eb jam n\u00eb tjet\u00ebr rrug\u00eb, n\u00eb tjet\u00ebr pozicion\u201d, tha Bregu.<\/p>\n","protected":false},"excerpt":{"rendered":"<p>Majlina Bregu ka reaguar p\u00ebr her\u00eb t\u00eb par\u00eb pasi emri i saj u propozua p\u00ebr t\u00eb qen\u00eb president e vendit. Bregu \u00ebsht\u00eb shprehur se nuk do t\u00eb pranonte asnj\u00eb propozim q\u00eb vinte nga Partia Socialiste dhe nuk e ka menduar asnj\u00ebher\u00eb at\u00eb post. Sa i p\u00ebrket rikthimit t\u00eb saj n\u00eb PD, ajo ka treguar se [&hellip;]<\/p>\n","protected":false},"author":2031,"featured_media":201112,"comment_status":"closed","ping_status":"closed","sticky":false,"template":"","format":"standard","meta":{"footnotes":""},"categories":[241,231,235],"tags":[],"class_list":{"0":"post-266752","1":"post","2":"type-post","3":"status-publish","4":"format-standard","5":"has-post-thumbnail","7":"category-aktualitet","8":"category-lajme","9":"category-vendi"},"_links":{"self":[{"href":"https:\/\/zjarr.tv\/sq\/wp-json\/wp\/v2\/posts\/266752","targetHints":{"allow":["GET"]}}],"collection":[{"href":"https:\/\/zjarr.tv\/sq\/wp-json\/wp\/v2\/posts"}],"about":[{"href":"https:\/\/zjarr.tv\/sq\/wp-json\/wp\/v2\/types\/post"}],"author":[{"embeddable":true,"href":"https:\/\/zjarr.tv\/sq\/wp-json\/wp\/v2\/users\/2031"}],"replies":[{"embeddable":true,"href":"https:\/\/zjarr.tv\/sq\/wp-json\/wp\/v2\/comments?post=266752"}],"version-history":[{"count":0,"href":"https:\/\/zjarr.tv\/sq\/wp-json\/wp\/v2\/posts\/266752\/revisions"}],"wp:featuredmedia":[{"embeddable":true,"href":"https:\/\/zjarr.tv\/sq\/wp-json\/wp\/v2\/media\/201112"}],"wp:attachment":[{"href":"https:\/\/zjarr.tv\/sq\/wp-json\/wp\/v2\/media?parent=266752"}],"wp:term":[{"taxonomy":"category","embeddable":true,"href":"https:\/\/zjarr.tv\/sq\/wp-json\/wp\/v2\/categories?post=266752"},{"taxonomy":"post_tag","embeddable":true,"href":"https:\/\/zjarr.tv\/sq\/wp-json\/wp\/v2\/tags?post=266752"}],"curies":[{"name":"wp","href":"https:\/\/api.w.org\/{rel}","templated":true}]}}