{"id":266780,"date":"2022-06-28T12:45:11","date_gmt":"2022-06-28T10:45:11","guid":{"rendered":"https:\/\/zjarr.tv\/?p=266780"},"modified":"2022-06-28T12:45:11","modified_gmt":"2022-06-28T10:45:11","slug":"bashen-e-takova-ne-lubjane-bregu-ky-ishte-momenti-i-ri-qe-e-riktheu-berishen-ne-skene","status":"publish","type":"post","link":"https:\/\/zjarr.tv\/sq\/bashen-e-takova-ne-lubjane-bregu-ky-ishte-momenti-i-ri-qe-e-riktheu-berishen-ne-skene\/","title":{"rendered":"\u201cBash\u00ebn e takova n\u00eb Lubjan\u00eb\u201d, Bregu: Ky ishte momenti i ri q\u00eb e riktheu Berish\u00ebn n\u00eb sken\u00eb"},"content":{"rendered":"<p>\u201cN\u00eb 8 vite un\u00eb kam par\u00eb nj\u00eb Sali Berish\u00eb q\u00eb ishte i devotsh\u00ebm n\u00eb pun\u00eb, n\u00eb kryerjen e reformave. Momenti m\u00eb delikat p\u00ebr mua ka qen\u00eb momenti i zgjedhjes s\u00eb pasardh\u00ebsit n\u00eb PD. Momenti m\u00eb delikat ka qen\u00eb kur vendosi q\u00eb pasardh\u00ebsi i tij do t\u00eb ishte Lulzim Basha\u201d.<\/p>\n<p>K\u00ebshtu deklaroi ish-ministrja e Integrimit n\u00eb qeverin\u00eb Berisha, Majlinda Bregu n\u00eb emisionin \u201cTop Story\u201d teksa komentoi situat\u00ebn n\u00eb Partin\u00eb Demokratike. Ajo e la t\u00eb hapur mund\u00ebsin\u00eb e rikthimit, ndon\u00ebse tha se \u00ebsht\u00eb n\u00eb nj\u00eb detyr\u00eb aktualisht. Sa i p\u00ebrket rikthimit t\u00eb Sali Berish\u00ebs n\u00eb krye t\u00eb PD, Bregu deklaroi se ky moment i ri sot e riktheu Sali Berish\u00ebn n\u00eb sken\u00eb sepse PD \u00ebsht\u00eb nj\u00eb parti heroi<\/p>\n<p>\u201cUn\u00eb nuk thash\u00eb fajtor Lulzim Basha. Un\u00eb thash\u00eb q\u00eb problemet nis\u00ebn n\u00eb momentin q\u00eb partia iu dhurua Lulzim Bash\u00ebs. PD normalisht duhet t\u00eb kishte shkuar n\u00eb nj\u00eb proces zgjedhor p\u00ebr t\u00eb gjetur nj\u00eb kryetar partie.<\/p>\n<p>A ka mund\u00ebsi tani PD-ja tani q\u00eb \u00ebsht\u00eb e ndar\u00eb n\u00eb disa grupe, a mund t\u00eb dilte sot me nj\u00eb profil q\u00eb t\u00eb ishte p\u00ebrbashkues p\u00ebr t\u00eb gjitha grupet, nuk e di n\u00ebse mund t\u00eb ndodhte n\u00eb k\u00ebt\u00eb moment.<\/p>\n<p>Ky moment i ri sot e riktheu Sali Berish\u00ebn n\u00eb sken\u00eb sepse PD \u00ebsht\u00eb nj\u00eb parti heroi dhe nj\u00eb pjes\u00eb e madhe e pan\u00eb si prerje n\u00eb bes\u00eb t\u00eb liderit ndaj nj\u00eb lideri historik. Nuk e shoh dot \u00e7\u00ebshtjen vet\u00ebm si histori individ\u00ebsh. A do kishte vendosur Sali Berisha t\u00eb rikthehej n\u00ebse nuk do ishte historia e non-grat\u00ebs? Un\u00eb mendoj q\u00eb nuk ka ikur asnj\u00ebher\u00eb\u201d, tha Bregu.<\/p>\n<p>\u201cPo nuk \u00ebsht\u00eb as \u00e7\u00ebshtje cinizmi Sokol. Un\u00eb e kam takuar Lulzim Bash\u00ebn vjet. Asnj\u00eb nuk e di ose pak vet\u00eb e din\u00eb, rast\u00ebsisht n\u00eb nj\u00eb udh\u00ebtim n\u00eb Lubjan\u00eb t\u00eb dy bashk\u00eb. \u00cbsht\u00eb ajo historia, nj\u00eb gj\u00eb q\u00eb e merr p\u00ebrsip\u00ebr o b\u00ebje ose ik. Je po aq i nderuar edhe n\u00ebse nuk e b\u00ebn dot. Nuk pse t\u2019i b\u00ebsh t\u00eb tjer\u00ebt t\u00eb marrin nj\u00eb kosto kaq t\u00eb madhe dhe s\u2019ke pse t\u00eb jetosh n\u00ebn frik\u00ebn dhe petkun se nuk je ti por dikush tjet\u00ebr po t\u00eb l\u00ebviz fijet kjo \u00ebsht\u00eb. A ka sot n\u00eb PD q\u00eb shpresojn\u00eb se nes\u00ebr do i l\u00ebvizen fijet po aq sa Lulzim Bash\u00ebs? Edhe kjo mund t\u00eb ndodh\u00eb. Por problem kryesor sot \u00ebsht\u00eb a do t\u00eb vij\u00eb PD n\u00eb zgjedhjet e ardhshme q\u00eb nuk jan\u00eb shum\u00eb larg do t\u00eb ket\u00eb mund\u00ebsi p\u00ebr t\u00eb thyer ciklin e nj\u00eb partie q\u00eb sot \u00ebsht\u00eb n\u00eb pushtet q\u00eb ka qeverin\u00eb e pushtetin lokal?<\/p>\n<p>Jam n\u00eb nj\u00eb pun\u00eb, jam n\u00eb nj\u00eb detyr\u00eb, q\u00eb me sa duket po e b\u00ebj mir\u00eb dhe nuk \u00ebsht\u00eb pak, nuk m\u00eb mban larg nga politika. Nuk \u00ebsht\u00eb organizat\u00eb teknike. \u00cbsht\u00eb nj\u00eb institucion q\u00eb m\u00eb mban n\u00eb sportin e politik\u00ebs, por n\u00eb nj\u00eb nivel tjet\u00ebr. Nes\u00ebr kushedi?! T\u00eb gjith\u00eb \u00e7ohemi n\u00eb m\u00ebngjes pavar\u00ebsisht se sa fjal\u00eb t\u00eb bukura ka gjuha shqipe ne themi kismet\u201d, deklaroi Bregu.<\/p>\n","protected":false},"excerpt":{"rendered":"<p>\u201cN\u00eb 8 vite un\u00eb kam par\u00eb nj\u00eb Sali Berish\u00eb q\u00eb ishte i devotsh\u00ebm n\u00eb pun\u00eb, n\u00eb kryerjen e reformave. Momenti m\u00eb delikat p\u00ebr mua ka qen\u00eb momenti i zgjedhjes s\u00eb pasardh\u00ebsit n\u00eb PD. Momenti m\u00eb delikat ka qen\u00eb kur vendosi q\u00eb pasardh\u00ebsi i tij do t\u00eb ishte Lulzim Basha\u201d. K\u00ebshtu deklaroi ish-ministrja e Integrimit n\u00eb [&hellip;]<\/p>\n","protected":false},"author":2020,"featured_media":266786,"comment_status":"closed","ping_status":"closed","sticky":false,"template":"","format":"standard","meta":{"footnotes":""},"categories":[241,5380,231],"tags":[],"class_list":{"0":"post-266780","1":"post","2":"type-post","3":"status-publish","4":"format-standard","5":"has-post-thumbnail","7":"category-aktualitet","8":"category-kryesore","9":"category-lajme"},"_links":{"self":[{"href":"https:\/\/zjarr.tv\/sq\/wp-json\/wp\/v2\/posts\/266780","targetHints":{"allow":["GET"]}}],"collection":[{"href":"https:\/\/zjarr.tv\/sq\/wp-json\/wp\/v2\/posts"}],"about":[{"href":"https:\/\/zjarr.tv\/sq\/wp-json\/wp\/v2\/types\/post"}],"author":[{"embeddable":true,"href":"https:\/\/zjarr.tv\/sq\/wp-json\/wp\/v2\/users\/2020"}],"replies":[{"embeddable":true,"href":"https:\/\/zjarr.tv\/sq\/wp-json\/wp\/v2\/comments?post=266780"}],"version-history":[{"count":0,"href":"https:\/\/zjarr.tv\/sq\/wp-json\/wp\/v2\/posts\/266780\/revisions"}],"wp:featuredmedia":[{"embeddable":true,"href":"https:\/\/zjarr.tv\/sq\/wp-json\/wp\/v2\/media\/266786"}],"wp:attachment":[{"href":"https:\/\/zjarr.tv\/sq\/wp-json\/wp\/v2\/media?parent=266780"}],"wp:term":[{"taxonomy":"category","embeddable":true,"href":"https:\/\/zjarr.tv\/sq\/wp-json\/wp\/v2\/categories?post=266780"},{"taxonomy":"post_tag","embeddable":true,"href":"https:\/\/zjarr.tv\/sq\/wp-json\/wp\/v2\/tags?post=266780"}],"curies":[{"name":"wp","href":"https:\/\/api.w.org\/{rel}","templated":true}]}}