{"id":266798,"date":"2022-06-28T13:02:29","date_gmt":"2022-06-28T11:02:29","guid":{"rendered":"https:\/\/zjarr.tv\/?p=266798"},"modified":"2022-06-28T13:02:29","modified_gmt":"2022-06-28T11:02:29","slug":"dosjet-kapice-gazetari-elton-qyno-ngre-alarmin","status":"publish","type":"post","link":"https:\/\/zjarr.tv\/sq\/dosjet-kapice-gazetari-elton-qyno-ngre-alarmin\/","title":{"rendered":"\u201cDosjet kapic\u00eb\u201d, gazetari Elton Qyno ngre alarmin"},"content":{"rendered":"<p>Gazetari, Elton Qyno u shpreh mbr\u00ebmjen e djeshme n\u00eb emisionin \u201cDrejt\u2019 se harta e re gjyq\u00ebsore me reduktimin q\u00eb u b\u00ebn gjykatave do t\u00eb krijoj\u00eb nj\u00eb tjet\u00ebr stok dosjesh.<\/p>\n<p>Qyno: Do krijohet stok, dosjet do b\u00ebhen kapic\u00eb. Situata aktuale nuk \u00ebsht\u00eb e mir\u00eb, kemi munges\u00eb magjistrat\u00ebsh. Harta \u00ebsht\u00eb nj\u00eb studim i sistemit n\u00eb t\u00ebr\u00ebsi. \u00cbsht\u00eb rezultat i treguesve t\u00eb performanc\u00ebs. Implemetimi \u00ebsht\u00eb faz\u00eb tjet\u00ebr mund t\u00eb shkoj nga 6 muaj n\u00eb dy vjet.<\/p>\n","protected":false},"excerpt":{"rendered":"<p>Gazetari, Elton Qyno u shpreh mbr\u00ebmjen e djeshme n\u00eb emisionin \u201cDrejt\u2019 se harta e re gjyq\u00ebsore me reduktimin q\u00eb u b\u00ebn gjykatave do t\u00eb krijoj\u00eb nj\u00eb tjet\u00ebr stok dosjesh. Qyno: Do krijohet stok, dosjet do b\u00ebhen kapic\u00eb. Situata aktuale nuk \u00ebsht\u00eb e mir\u00eb, kemi munges\u00eb magjistrat\u00ebsh. Harta \u00ebsht\u00eb nj\u00eb studim i sistemit n\u00eb t\u00ebr\u00ebsi. \u00cbsht\u00eb [&hellip;]<\/p>\n","protected":false},"author":2020,"featured_media":266800,"comment_status":"closed","ping_status":"closed","sticky":false,"template":"","format":"standard","meta":{"footnotes":""},"categories":[241,5380,231],"tags":[],"class_list":{"0":"post-266798","1":"post","2":"type-post","3":"status-publish","4":"format-standard","5":"has-post-thumbnail","7":"category-aktualitet","8":"category-kryesore","9":"category-lajme"},"_links":{"self":[{"href":"https:\/\/zjarr.tv\/sq\/wp-json\/wp\/v2\/posts\/266798","targetHints":{"allow":["GET"]}}],"collection":[{"href":"https:\/\/zjarr.tv\/sq\/wp-json\/wp\/v2\/posts"}],"about":[{"href":"https:\/\/zjarr.tv\/sq\/wp-json\/wp\/v2\/types\/post"}],"author":[{"embeddable":true,"href":"https:\/\/zjarr.tv\/sq\/wp-json\/wp\/v2\/users\/2020"}],"replies":[{"embeddable":true,"href":"https:\/\/zjarr.tv\/sq\/wp-json\/wp\/v2\/comments?post=266798"}],"version-history":[{"count":0,"href":"https:\/\/zjarr.tv\/sq\/wp-json\/wp\/v2\/posts\/266798\/revisions"}],"wp:featuredmedia":[{"embeddable":true,"href":"https:\/\/zjarr.tv\/sq\/wp-json\/wp\/v2\/media\/266800"}],"wp:attachment":[{"href":"https:\/\/zjarr.tv\/sq\/wp-json\/wp\/v2\/media?parent=266798"}],"wp:term":[{"taxonomy":"category","embeddable":true,"href":"https:\/\/zjarr.tv\/sq\/wp-json\/wp\/v2\/categories?post=266798"},{"taxonomy":"post_tag","embeddable":true,"href":"https:\/\/zjarr.tv\/sq\/wp-json\/wp\/v2\/tags?post=266798"}],"curies":[{"name":"wp","href":"https:\/\/api.w.org\/{rel}","templated":true}]}}